{"id":901,"date":"2009-06-30T10:33:27","date_gmt":"2009-06-30T13:33:27","guid":{"rendered":"http:\/\/meiradarocha.jor.br\/news\/?p=901"},"modified":"2009-06-30T19:48:59","modified_gmt":"2009-06-30T22:48:59","slug":"editoracao-com-software-livre-caixa-de-destaque-no-scribus","status":"publish","type":"post","link":"https:\/\/meiradarocha.jor.br\/news\/2009\/06\/30\/editoracao-com-software-livre-caixa-de-destaque-no-scribus\/","title":{"rendered":"Editora\u00e7\u00e3o com software livre: caixa de destaque no Scribus"},"content":{"rendered":"<p>Um recurso muito usado em publica\u00e7\u00f5es de papel \u00e9 o destaque de uma frase importante da mat\u00e9ria colocado com uma fonte maior em um quadro separado. Este recurso recebe nomes &#8220;paroquiais&#8221; conforme a regi\u00e3o do pa\u00eds ou equipe de reda\u00e7\u00e3o. Alguns chamam de &#8220;olho&#8221;, outros chamam de &#8220;arejador&#8221;. Aqui, prefiro chamar simplesmente de &#8220;destaque&#8221;.<\/p>\n<p>Fazer um destaque \u00e9 tarefa que requer muitos passos e pode levar tempo, se feita manualmente. Para automatizar o processo, desenvolvi este <em>script<\/em>, em <strong>Python<\/strong> para o <strong>Scribus<\/strong>.<!--more--><\/p>\n<p>Ele pode ser usado num \u00fanico quadro, novo, ou pode ser aplicado a um destaque j\u00e1 criado, constitu\u00eddo de v\u00e1rios objetos agrupados. Para criar um destaque novo, desenhe um quadro de texto e rode o script.<\/p>\n<blockquote><p>Devido a um bug da fun\u00e7\u00e3o <strong>traceText()<\/strong> do Scribus, voc\u00ea deve rodar o script duas vezes, para que aspas em texto sejam transformadas em desenho por linhas (o bug est\u00e1 em que a fun\u00e7\u00e3o traceText() n\u00e3o transforma em linhas um texto rec\u00e9m-criado pelo script. Apenas textos j\u00e1 existentes).<\/p><\/blockquote>\n<p>Se o quadro de destaque est\u00e1 vazio, ser\u00e1 colocado um texto &#8220;copy fit&#8221;. O <em>script<\/em> tamb\u00e9m cria dois estilos, &#8220;Destaque texto&#8221; e &#8220;Destaque autor&#8221; e os aplica ao texto, al\u00e9m de criar duas cores, &#8220;Bege&#8221; e &#8220;Vermelho&#8221;. Tanto os estilos quanto as cores s\u00e3o criados mas n\u00e3o formatados. Voc\u00ea dever\u00e1 format\u00e1-los conforme seu projeto gr\u00e1fico. Para o &#8220;Destaque texto&#8221;, sugiro corpo 18, fonte estreita ou condensada 80%, it\u00e1lica. Para &#8220;Destaque autor&#8221;, fonte corpo 12 negrita. Ambos centralizados.<\/p>\n<p>No in\u00edcio do <em>script<\/em>, coloco vari\u00e1veis que permitem a f\u00e1cil personaliza\u00e7\u00e3o. Baixe aqui o <a href=\"http:\/\/meiradarocha.jor.br\/news\/wp-content\/uploads\/2009\/06\/Destaque-revista-1-2009-06-30a.py\"><\/a><a href=\"http:\/\/meiradarocha.jor.br\/news\/wp-content\/uploads\/2009\/06\/Destaque-revista-1-2009-06-30a1.py\">Script para criar quadro de destaque<\/a><\/p>\n<p>Na sequ\u00eancia abaixo est\u00e3o <em>screenshots<\/em> da cria\u00e7\u00e3o de um quadro de destaque.<\/p>\n<div class=\"gallery\"><dl class='gallery-item'>\n\t\t\t<dt class='gallery-icon portrait'>\n\t\t\t\t<a href='https:\/\/meiradarocha.jor.br\/news\/wp-content\/uploads\/2009\/06\/capture_30062009_091437.png'><img loading=\"lazy\" decoding=\"async\" width=\"115\" height=\"150\" src=\"https:\/\/meiradarocha.jor.br\/news\/wp-content\/uploads\/2009\/06\/capture_30062009_091437-115x150.png\" class=\"attachment-thumbnail size-thumbnail\" alt=\"\" aria-describedby=\"gallery-1-902\" srcset=\"https:\/\/meiradarocha.jor.br\/news\/wp-content\/uploads\/2009\/06\/capture_30062009_091437-115x150.png 115w, https:\/\/meiradarocha.jor.br\/news\/wp-content\/uploads\/2009\/06\/capture_30062009_091437-230x300.png 230w, https:\/\/meiradarocha.jor.br\/news\/wp-content\/uploads\/2009\/06\/capture_30062009_091437.png 417w\" sizes=\"auto, (max-width: 115px) 100vw, 115px\" \/><\/a>\n\t\t\t<\/dt>\n\t\t\t\t<dd class='wp-caption-text gallery-caption' id='gallery-1-902'>\n\t\t\t\tDesenhe um quadro de texto\n\t\t\t\t<\/dd><\/dl><dl class='gallery-item'>\n\t\t\t<dt class='gallery-icon landscape'>\n\t\t\t\t<a href='https:\/\/meiradarocha.jor.br\/news\/wp-content\/uploads\/2009\/06\/capture_30062009_091454.png'><img loading=\"lazy\" decoding=\"async\" width=\"150\" height=\"123\" src=\"https:\/\/meiradarocha.jor.br\/news\/wp-content\/uploads\/2009\/06\/capture_30062009_091454-150x123.png\" class=\"attachment-thumbnail size-thumbnail\" alt=\"\" aria-describedby=\"gallery-1-903\" srcset=\"https:\/\/meiradarocha.jor.br\/news\/wp-content\/uploads\/2009\/06\/capture_30062009_091454-150x123.png 150w, https:\/\/meiradarocha.jor.br\/news\/wp-content\/uploads\/2009\/06\/capture_30062009_091454-300x245.png 300w, https:\/\/meiradarocha.jor.br\/news\/wp-content\/uploads\/2009\/06\/capture_30062009_091454.png 654w\" sizes=\"auto, (max-width: 150px) 100vw, 150px\" \/><\/a>\n\t\t\t<\/dt>\n\t\t\t\t<dd class='wp-caption-text gallery-caption' id='gallery-1-903'>\n\t\t\t\tAplique o script &#8220;Destaque&#8221;\n\t\t\t\t<\/dd><\/dl><dl class='gallery-item'>\n\t\t\t<dt class='gallery-icon landscape'>\n\t\t\t\t<a href='https:\/\/meiradarocha.jor.br\/news\/wp-content\/uploads\/2009\/06\/capture_30062009_091509.png'><img loading=\"lazy\" decoding=\"async\" width=\"150\" height=\"80\" src=\"https:\/\/meiradarocha.jor.br\/news\/wp-content\/uploads\/2009\/06\/capture_30062009_091509-150x80.png\" class=\"attachment-thumbnail size-thumbnail\" alt=\"\" aria-describedby=\"gallery-1-904\" srcset=\"https:\/\/meiradarocha.jor.br\/news\/wp-content\/uploads\/2009\/06\/capture_30062009_091509-150x80.png 150w, https:\/\/meiradarocha.jor.br\/news\/wp-content\/uploads\/2009\/06\/capture_30062009_091509-300x160.png 300w, https:\/\/meiradarocha.jor.br\/news\/wp-content\/uploads\/2009\/06\/capture_30062009_091509.png 302w\" sizes=\"auto, (max-width: 150px) 100vw, 150px\" \/><\/a>\n\t\t\t<\/dt>\n\t\t\t\t<dd class='wp-caption-text gallery-caption' id='gallery-1-904'>\n\t\t\t\tEscolha o espa\u00e7o entre o texto e a borda\n\t\t\t\t<\/dd><\/dl><br style=\"clear: both\" \/><dl class='gallery-item'>\n\t\t\t<dt class='gallery-icon portrait'>\n\t\t\t\t<a href='https:\/\/meiradarocha.jor.br\/news\/wp-content\/uploads\/2009\/06\/capture_30062009_091529.png'><img loading=\"lazy\" decoding=\"async\" width=\"116\" height=\"150\" src=\"https:\/\/meiradarocha.jor.br\/news\/wp-content\/uploads\/2009\/06\/capture_30062009_091529-116x150.png\" class=\"attachment-thumbnail size-thumbnail\" alt=\"\" aria-describedby=\"gallery-1-905\" srcset=\"https:\/\/meiradarocha.jor.br\/news\/wp-content\/uploads\/2009\/06\/capture_30062009_091529-116x150.png 116w, https:\/\/meiradarocha.jor.br\/news\/wp-content\/uploads\/2009\/06\/capture_30062009_091529-232x300.png 232w, https:\/\/meiradarocha.jor.br\/news\/wp-content\/uploads\/2009\/06\/capture_30062009_091529.png 417w\" sizes=\"auto, (max-width: 116px) 100vw, 116px\" \/><\/a>\n\t\t\t<\/dt>\n\t\t\t\t<dd class='wp-caption-text gallery-caption' id='gallery-1-905'>\n\t\t\t\tPrimeira passagem do script com aspas de texto\n\t\t\t\t<\/dd><\/dl><dl class='gallery-item'>\n\t\t\t<dt class='gallery-icon landscape'>\n\t\t\t\t<a href='https:\/\/meiradarocha.jor.br\/news\/wp-content\/uploads\/2009\/06\/capture_30062009_091545.png'><img loading=\"lazy\" decoding=\"async\" width=\"150\" height=\"125\" src=\"https:\/\/meiradarocha.jor.br\/news\/wp-content\/uploads\/2009\/06\/capture_30062009_091545-150x125.png\" class=\"attachment-thumbnail size-thumbnail\" alt=\"\" aria-describedby=\"gallery-1-906\" srcset=\"https:\/\/meiradarocha.jor.br\/news\/wp-content\/uploads\/2009\/06\/capture_30062009_091545-150x125.png 150w, https:\/\/meiradarocha.jor.br\/news\/wp-content\/uploads\/2009\/06\/capture_30062009_091545-300x249.png 300w, https:\/\/meiradarocha.jor.br\/news\/wp-content\/uploads\/2009\/06\/capture_30062009_091545.png 648w\" sizes=\"auto, (max-width: 150px) 100vw, 150px\" \/><\/a>\n\t\t\t<\/dt>\n\t\t\t\t<dd class='wp-caption-text gallery-caption' id='gallery-1-906'>\n\t\t\t\tAplique novamente o script\n\t\t\t\t<\/dd><\/dl><dl class='gallery-item'>\n\t\t\t<dt class='gallery-icon portrait'>\n\t\t\t\t<a href='https:\/\/meiradarocha.jor.br\/news\/wp-content\/uploads\/2009\/06\/capture_30062009_091600.png'><img loading=\"lazy\" decoding=\"async\" width=\"116\" height=\"150\" src=\"https:\/\/meiradarocha.jor.br\/news\/wp-content\/uploads\/2009\/06\/capture_30062009_091600-116x150.png\" class=\"attachment-thumbnail size-thumbnail\" alt=\"\" aria-describedby=\"gallery-1-907\" srcset=\"https:\/\/meiradarocha.jor.br\/news\/wp-content\/uploads\/2009\/06\/capture_30062009_091600-116x150.png 116w, https:\/\/meiradarocha.jor.br\/news\/wp-content\/uploads\/2009\/06\/capture_30062009_091600-232x300.png 232w, https:\/\/meiradarocha.jor.br\/news\/wp-content\/uploads\/2009\/06\/capture_30062009_091600.png 420w\" sizes=\"auto, (max-width: 116px) 100vw, 116px\" \/><\/a>\n\t\t\t<\/dt>\n\t\t\t\t<dd class='wp-caption-text gallery-caption' id='gallery-1-907'>\n\t\t\t\tDestaque pronto com aspas em linhas\n\t\t\t\t<\/dd><\/dl><br style=\"clear: both\" \/>\n\t\t<\/div>\n\n","protected":false},"excerpt":{"rendered":"<p>Um recurso muito usado em publica\u00e7\u00f5es de papel \u00e9 o destaque de uma frase importante da mat\u00e9ria colocado com uma fonte maior em um quadro separado. Este recurso recebe nomes [&hellip;]<\/p>\n","protected":false},"author":2,"featured_media":0,"comment_status":"open","ping_status":"open","sticky":false,"template":"","format":"standard","meta":{"footnotes":""},"categories":[24,25,15,14,16],"tags":[],"class_list":["post-901","post","type-post","status-publish","format-standard","hentry","category-design-grafico","category-diagramacao","category-editoracao","category-python","category-scribus"],"_links":{"self":[{"href":"https:\/\/meiradarocha.jor.br\/news\/wp-json\/wp\/v2\/posts\/901","targetHints":{"allow":["GET"]}}],"collection":[{"href":"https:\/\/meiradarocha.jor.br\/news\/wp-json\/wp\/v2\/posts"}],"about":[{"href":"https:\/\/meiradarocha.jor.br\/news\/wp-json\/wp\/v2\/types\/post"}],"author":[{"embeddable":true,"href":"https:\/\/meiradarocha.jor.br\/news\/wp-json\/wp\/v2\/users\/2"}],"replies":[{"embeddable":true,"href":"https:\/\/meiradarocha.jor.br\/news\/wp-json\/wp\/v2\/comments?post=901"}],"version-history":[{"count":0,"href":"https:\/\/meiradarocha.jor.br\/news\/wp-json\/wp\/v2\/posts\/901\/revisions"}],"wp:attachment":[{"href":"https:\/\/meiradarocha.jor.br\/news\/wp-json\/wp\/v2\/media?parent=901"}],"wp:term":[{"taxonomy":"category","embeddable":true,"href":"https:\/\/meiradarocha.jor.br\/news\/wp-json\/wp\/v2\/categories?post=901"},{"taxonomy":"post_tag","embeddable":true,"href":"https:\/\/meiradarocha.jor.br\/news\/wp-json\/wp\/v2\/tags?post=901"}],"curies":[{"name":"wp","href":"https:\/\/api.w.org\/{rel}","templated":true}]}}