{"id":90,"date":"2007-06-13T16:19:30","date_gmt":"2007-06-13T19:19:30","guid":{"rendered":"http:\/\/www.meiradarocha.jor.br\/news\/2007\/06\/13\/disposicao-de-anuncio-e-materia-em-jornal\/"},"modified":"2019-10-08T08:52:13","modified_gmt":"2019-10-08T11:52:13","slug":"disposicao-de-anuncio-e-materia-em-jornal","status":"publish","type":"post","link":"https:\/\/meiradarocha.jor.br\/news\/2007\/06\/13\/disposicao-de-anuncio-e-materia-em-jornal\/","title":{"rendered":"Disposi\u00e7\u00e3o de an\u00fancio e mat\u00e9ria em jornal"},"content":{"rendered":"\n<p class=\"has-drop-cap\">Com o <strong>espa\u00e7o comercial<\/strong> de um <strong>jornal di\u00e1rio<\/strong> definido pela manh\u00e3 ou no in\u00edcio da tarde, pelo departamento comercial, a reda\u00e7\u00e3o pode come\u00e7ar a desenhar a p\u00e1gina. Alguns autores chamam isto de &#8220;arranjo macro&#8221;, porque \u00e9 o arranjo de grandes blocos de an\u00fancios e mat\u00e9rias. O editor trabalha com o diagramador e, juntos, riscam os espa\u00e7os para as mat\u00e9rias, conforme a altura dos an\u00fancios.<\/p>\n\n\n\n<!--more-->\n\n\n\n<p>A experi\u00eancia de d\u00e9cadas de trabalho em oficinas de jornais deu origem a uma s\u00e9rie de regras que geralmente funcionam, na coloca\u00e7\u00e3o de publicidade e conte\u00fado editorial em jornais. Estas dicas foram passadas a mim nos anos 1990 pelo mestre Izaltino, experiente tip\u00f3grafo com passagens pelas oficinas do velho Correio do Povo e Zero Hora (Porto Alegre, Brasil).<\/p>\n\n\n\n<ol class=\"wp-block-list\"><li><strong>An\u00fancios grandes<\/strong> ficam para o lado de fora das p\u00e1ginas, em baixo. Como s\u00e3o grandes, eles ser\u00e3o vistos de&nbsp; qualquer forma.<\/li><li><strong>An\u00fancios m\u00e9dios<\/strong> ficam acima e dos lados dos grandes.<\/li><li><strong>An\u00fancios pequenos<\/strong> formam uma &#8220;escadinha&#8221;, entre os grandes e m\u00e9dios. Assim, eles se destacam mais, apesar de serem pequenos.<\/li><li><strong>A pir\u00e2mide deve descer para o centro da p\u00e1gina<\/strong>, n\u00e3o para fora da p\u00e1gina.<\/li><li><strong>Deve-se evitar pilhas<\/strong> porque isto tende a &#8220;sufocar&#8221; os pequenos an\u00fancios. E afinal, &#8220;voc\u00ea tem que valorizar o pequeno anunciante, para que ele se torne um grande anunciante!&#8221;, como recomenda o tip\u00f3grafo Izaltino.<\/li><li><strong>S\u00f3 podem ser empilhados os an\u00fancios de indicadores profissionais<\/strong>, por exemplo, ou outro tipo de an\u00fancio relacionado a segmentos comerciais. Se faz isto para definir bem que \u00e9 uma se\u00e7\u00e3o espec\u00edfica.<\/li><\/ol>\n\n\n\n<div class=\"wp-block-image\"><figure class=\"alignleft\"><a href=\"http:\/\/www.meiradarocha.jor.br\/news\/wp-content\/uploads\/2007\/06\/piramide-de-anuncios.gif\"><img decoding=\"async\" src=\"http:\/\/www.meiradarocha.jor.br\/news\/wp-content\/uploads\/2007\/06\/piramide-de-anuncios.thumbnail.gif\" alt=\"Modula\u00e7\u00e3o comercial e editorial\"\/><\/a><figcaption>Coloca\u00e7\u00e3o de an\u00fancios na p\u00e1gina de jornal.<\/figcaption><\/figure><\/div>\n\n\n\n<p>Na ilustra\u00e7\u00e3o ao lado, que representa uma p\u00e1gina de jornal tablohttps:\/\/meiradarocha.jor.br\/news\/2007\/06\/13\/pre-diagramacao-em-jornal-e-revista\/ide com modula\u00e7\u00e3o comercial, os an\u00fancios (ret\u00e2ngulos gris\u00ea) foram colocados em pir\u00e2mide. Os n\u00fameros representam a ordem de coloca\u00e7\u00e3o, que \u00e9 feita pelo departamento comercial.<\/p>\n\n\n\n<h2 class=\"wp-block-heading\">Coloca\u00e7\u00e3o de mat\u00e9rias<\/h2>\n\n\n\n<p>Essa diagrama\u00e7\u00e3o em pir\u00e2mide \u00e9 \u00f3tima para os anunciantes, mas ruim para o diagramador, que tem o desafio de tornar interessante um espa\u00e7o em escadinha aparentemente impr\u00f3prio para diagrama\u00e7\u00e3o. No entanto, o artista gr\u00e1fico deve tirar partido deste layout, em vez de fazer com que mat\u00e9rias editoriais e an\u00fancios briguem dentro da p\u00e1gina.<\/p>\n\n\n\n<p>Atualmente, n\u00e3o se admite o chamado &#8220;joelho&#8221; na diagrama\u00e7\u00e3o (<em>dog leg<\/em>, pata de cachorro, em ingl\u00eas). O joelho \u00e9 formado por colunas de mat\u00e9rias que terminam em alturas diferentes. Para se evitar joelhos, as mat\u00e9rias t\u00eam que caber em um ret\u00e2ngulo, n\u00e3o em um pol\u00edgono. Entretanto, at\u00e9 grandes jornais como New York Times ou Folha de S\u00e3o Paulo cometem joelhos.<\/p>\n\n\n\n<p>Para se eliminar joelhos, a primeira provid\u00eancia \u00e9 transformar a escadinha formada pelos an\u00fancios numa escadona, fechando alguns degraus com pequenas materinhas, notinhas e, eventualmente, calhaus (an\u00fancios do pr\u00f3prio jornal, pr\u00e9-desenhados e prontos para qualquer eventualidade). Assim, o diagramador ter\u00e1 espa\u00e7os retangulares maiores para colocar mat\u00e9rias maiores. Procure deixar espa\u00e7os maiores na parte de cima da p\u00e1gina para as mat\u00e9rias principais.<\/p>\n\n\n\n<div class=\"wp-block-image\"><figure class=\"alignright\"><a href=\"http:\/\/www.meiradarocha.jor.br\/news\/wp-content\/uploads\/2007\/06\/piramide-de-materias.gif\"><img decoding=\"async\" src=\"http:\/\/www.meiradarocha.jor.br\/news\/wp-content\/uploads\/2007\/06\/piramide-de-materias.thumbnail.gif\" alt=\"Pir\u00e2mide invertida de mat\u00e9rias\"\/><\/a><figcaption>Coloca\u00e7\u00e3o de mat\u00e9rias depois dos an\u00fancios<\/figcaption><\/figure><\/div>\n\n\n\n<p>Na ilustra\u00e7\u00e3o ao lado, as mat\u00e9rias (ret\u00e2ngulos azuis) foram dispostas de maneira a fechar os degraus da escada, sempre em blocos retangulares e sem deixar &#8220;joelhos&#8221; na diagrama\u00e7\u00e3o. Cada quadro azul corresponde a uma mat\u00e9ria diferente. Os n\u00fameros representam a ordem de coloca\u00e7\u00e3o:<\/p>\n\n\n\n<p>A altura dos an\u00fancios determina a altura das mat\u00e9rias. Assim, ao leitor parecer\u00e1 que toda a p\u00e1gina foi cuidadosamente desenhada (o que \u00e9 verdade).<\/p>\n\n\n\n<ul class=\"wp-block-list\"><li>Observe que as p\u00e1ginas destes exemplos s\u00e3o diagramadas conforme uma <a href=\"http:\/\/www.meiradarocha.jor.br\/news\/2007\/06\/13\/modulacao-comercial-e-editorial-de-jornal-e-revista\/\">modula\u00e7\u00e3o comercial e editorial de jornal<\/a>, comentado no artigo sobre disposi\u00e7\u00e3o de an\u00fancios e mat\u00e9rias.<\/li><li>Tamb\u00e9m em outro artigo, discuto um <a title=\"Artigo sobre contagem de caracteres\" href=\"http:\/\/www.meiradarocha.jor.br\/news\/2007\/06\/13\/contagem-de-caracteres-na-diagramacao\/\">m\u00e9todo f\u00e1cil e preciso de fazer o c\u00e1lculo de texto que cabe em um espa\u00e7o de mat\u00e9ria jornal\u00edstica<\/a>.<\/li><li>No exemplo acima, os quadros de mat\u00e9rias representam o lugar das mat\u00e9rias. Mas, no PageMaker, estes espa\u00e7o precisam ser mais divididos: um quadro para os t\u00edtulos e um quadro para cada coluna de mat\u00e9ria.<\/li><li>Em programas mais evolu\u00eddos, como QuarkXPress, Ventura, InDesign ou Scribus, n\u00e3o \u00e9 necess\u00e1rio abrir um quadro para cada coluna. Voc\u00ea abre um quadro para o t\u00edtulo e um quadro para o texto. Depois, voc\u00ea determina que o quadro tenha mais de uma coluna e o texto entrar\u00e1 em colunas automaticamente.<\/li><li>Com o Corel Ventura, que foi o melhor programa de editora\u00e7\u00e3o durante anos, voc\u00ea abre apenas <em>um<\/em> quadro, como no exemplo acima. Ao colocar o texto dentro do quadro, a mat\u00e9ria j\u00e1 fica automaticamente formatada. O t\u00edtulo j\u00e1 foi definido para n\u00e3o obedecer \u00e0 divis\u00e3o de colunas e fica com a largura total do quadro. O texto deve obedecer \u00e0s colunas e fluir automaticamente. Al\u00e9m disso, o Ventura distribui as linhas de texto igualmente pelas colunas (balanceamento) de maneira que a \u00faltima colunas n\u00e3o fique com menos texto. Tamb\u00e9m faz a justifica\u00e7\u00e3o vertical. Ou seja: o texto fica alinhado em cima e em baixo. Isto \u00e9 complicado de se fazer com o PageMaker. Quase imposs\u00edvel, num jornal di\u00e1rio que tem pressa de ser finalizado.<\/li><\/ul>\n","protected":false},"excerpt":{"rendered":"<p>Com o espa\u00e7o comercial de um jornal di\u00e1rio definido pela manh\u00e3 ou no in\u00edcio da tarde, pelo departamento comercial, a reda\u00e7\u00e3o pode come\u00e7ar a desenhar a p\u00e1gina. Alguns autores chamam [&hellip;]<\/p>\n","protected":false},"author":2,"featured_media":0,"comment_status":"open","ping_status":"open","sticky":false,"template":"","format":"standard","meta":{"footnotes":""},"categories":[24,25,15,10],"tags":[],"class_list":["post-90","post","type-post","status-publish","format-standard","hentry","category-design-grafico","category-diagramacao","category-editoracao","category-jornalismo"],"_links":{"self":[{"href":"https:\/\/meiradarocha.jor.br\/news\/wp-json\/wp\/v2\/posts\/90","targetHints":{"allow":["GET"]}}],"collection":[{"href":"https:\/\/meiradarocha.jor.br\/news\/wp-json\/wp\/v2\/posts"}],"about":[{"href":"https:\/\/meiradarocha.jor.br\/news\/wp-json\/wp\/v2\/types\/post"}],"author":[{"embeddable":true,"href":"https:\/\/meiradarocha.jor.br\/news\/wp-json\/wp\/v2\/users\/2"}],"replies":[{"embeddable":true,"href":"https:\/\/meiradarocha.jor.br\/news\/wp-json\/wp\/v2\/comments?post=90"}],"version-history":[{"count":2,"href":"https:\/\/meiradarocha.jor.br\/news\/wp-json\/wp\/v2\/posts\/90\/revisions"}],"predecessor-version":[{"id":5719,"href":"https:\/\/meiradarocha.jor.br\/news\/wp-json\/wp\/v2\/posts\/90\/revisions\/5719"}],"wp:attachment":[{"href":"https:\/\/meiradarocha.jor.br\/news\/wp-json\/wp\/v2\/media?parent=90"}],"wp:term":[{"taxonomy":"category","embeddable":true,"href":"https:\/\/meiradarocha.jor.br\/news\/wp-json\/wp\/v2\/categories?post=90"},{"taxonomy":"post_tag","embeddable":true,"href":"https:\/\/meiradarocha.jor.br\/news\/wp-json\/wp\/v2\/tags?post=90"}],"curies":[{"name":"wp","href":"https:\/\/api.w.org\/{rel}","templated":true}]}}