{"id":86,"date":"2007-06-13T15:21:10","date_gmt":"2007-06-13T18:21:10","guid":{"rendered":"http:\/\/www.meiradarocha.jor.br\/news\/2007\/06\/13\/pre-diagramacao-em-jornal-e-revista\/"},"modified":"2019-09-24T08:42:29","modified_gmt":"2019-09-24T11:42:29","slug":"pre-diagramacao-em-jornal-e-revista","status":"publish","type":"post","link":"https:\/\/meiradarocha.jor.br\/news\/2007\/06\/13\/pre-diagramacao-em-jornal-e-revista\/","title":{"rendered":"Pr\u00e9-diagrama\u00e7\u00e3o em jornal e revista"},"content":{"rendered":"\n<p class=\"has-drop-cap\">Se o fechamento comercial de seu ve\u00edculo ainda acontece \u00e0s seis da tarde, depois que a reda\u00e7\u00e3o come\u00e7ou a escrever as mat\u00e9rias do dia seguinte, n\u00e3o se preocupe, voc\u00ea n\u00e3o est\u00e1 sozinho: quase todos os jornais brasileiros usam um esquema amador como o ve\u00edculo em que voc\u00ea trabalha. Esta improvisa\u00e7\u00e3o pode levar a muitos problemas que s\u00e3o resolvidos com um procedimento simples: a pr\u00e9-diagrama\u00e7\u00e3o.<\/p>\n\n\n\n<!--more-->\n\n\n\n<h3 class=\"wp-block-heading\">Porque fazer a pr\u00e9-diagrama\u00e7\u00e3o<\/h3>\n\n\n\n<p>Publicidade \u00e9 um neg\u00f3cio s\u00e9rio. Jornalismo, mais ainda. An\u00fancios de jornal precisam ser programados e devem ser fruto de um meticuloso planejamento, que, em geral, \u00e9 trabalho de ag\u00eancias de publicidade. Mesmo os an\u00fancios diretos, feitos em casa, podem ter programa\u00e7\u00e3o cuidadosa. Poucas vezes h\u00e1 urg\u00eancia na publica\u00e7\u00e3o de an\u00fancios. Portanto, quase nunca h\u00e1 raz\u00e3o para improvisa\u00e7\u00e3o como aceitar um an\u00fancio na \u00faltima hora. Mas o que deveria ser uma exce\u00e7\u00e3o, vira regra no jornalismo brasileiro: entra um an\u00fancio de \u00faltima hora, e o editor \u00e9 obrigado a &#8220;derrubar&#8221; ou mutilar mat\u00e9rias.<\/p>\n\n\n\n<p>Veja o que acontece quando a falta planejamento e seriedade nas rotinas produtivas de seu ve\u00edculo provoca a derrubada parcial ou total de mat\u00e9rias:<\/p>\n\n\n\n<ul class=\"wp-block-list\"><li>Voc\u00ea deixa a p\u00e1gina de seu ve\u00edculo mais feia, pois ela deve ser desenhada como um todo, a partir da \u00e1rea de an\u00fancios, e n\u00e3o remendada na \u00faltima hora.<\/li><li>Voc\u00ea est\u00e1 desrespeitando o leitor. Afinal, ele compra seu jornal pela mat\u00e9rias, n\u00e3o pelos an\u00fancios. O leitor \u00e9 o motivo de existir de seu ve\u00edculo. An\u00fancios s\u00e3o apenas para equilibrar o or\u00e7amento.<\/li><li>Voc\u00ea est\u00e1 desrespeitando o anunciante, demonstrando tratar a publicidade como um neg\u00f3cio improvisado.<\/li><li>Voc\u00ea est\u00e1 atrasando o processo produtivo.<\/li><li>Voc\u00ea est\u00e1 jogando no lixo um servi\u00e7o jornal\u00edstico pelo qual pagou.<\/li><li>Voc\u00ea est\u00e1 indicando que os servi\u00e7os de seus jornalistas s\u00e3o descart\u00e1veis e desenvolvendo frustra\u00e7\u00e3o profissional em toda a equipe.<\/li><\/ul>\n\n\n\n<p>Tudo isto pode ser evitado com procedimentos muito simples, r\u00e1pidos e indolores:<\/p>\n\n\n\n<ul class=\"wp-block-list\"><li>Fechamento comercial no dia anterior \u00e0 edi\u00e7\u00e3o (ou pela manh\u00e3 do dia da edi\u00e7\u00e3o, no m\u00e1ximo).<\/li><li>Pr\u00e9-diagrama\u00e7\u00e3o.<\/li><\/ul>\n\n\n\n<h3 class=\"wp-block-heading\">Aplicando a pr\u00e9-diagrama\u00e7\u00e3o<\/h3>\n\n\n\n<p>Pr\u00e9-diagrama\u00e7\u00e3o \u00e9 a diagrama\u00e7\u00e3o de p\u00e1ginas, com um texto &#8220;falso&#8221;, antes do texto final ficar pronto. N\u00e3o \u00e9 coisa de outro mundo. Consiste em:<\/p>\n\n\n\n<ol class=\"wp-block-list\"><li>Desenhar as p\u00e1ginas <strong>antes<\/strong> que os redatores comecem a escrever;<\/li><li>Fazer o <strong>c\u00e1lculo preciso<\/strong> de caracteres que cabem no espa\u00e7o designado, com um<a title=\"Artigo sobre contagem de caracteres\" href=\"http:\/\/www.meiradarocha.jor.br\/news\/2007\/06\/13\/contagem-de-caracteres-na-diagramacao\/\"> texto conta-caracteres<\/a>;<\/li><li>Passar este n\u00famero para o redatores, para que eles escrevam <strong>na medida certa<\/strong>;<\/li><li>Colocar o texto pronto no espa\u00e7o <strong>j\u00e1 diagramado<\/strong>.<\/li><\/ol>\n\n\n\n<p>Mas, para que o esquema funcione, \u00e9 necess\u00e1rio que a reda\u00e7\u00e3o j\u00e1 saiba, de antem\u00e3o, o espa\u00e7o ocupado por an\u00fancios, o que implica em fechamento comercial na manh\u00e3 do dia de edi\u00e7\u00e3o. Portanto, voc\u00ea precisa agir com intelig\u00eancia, planejando seu jornal.<\/p>\n","protected":false},"excerpt":{"rendered":"<p>Se o fechamento comercial de seu ve\u00edculo ainda acontece \u00e0s seis da tarde, depois que a reda\u00e7\u00e3o come\u00e7ou a escrever as mat\u00e9rias do dia seguinte, n\u00e3o se preocupe, voc\u00ea n\u00e3o [&hellip;]<\/p>\n","protected":false},"author":2,"featured_media":0,"comment_status":"open","ping_status":"open","sticky":false,"template":"","format":"standard","meta":{"footnotes":""},"categories":[24,25,15,10],"tags":[],"class_list":["post-86","post","type-post","status-publish","format-standard","hentry","category-design-grafico","category-diagramacao","category-editoracao","category-jornalismo"],"_links":{"self":[{"href":"https:\/\/meiradarocha.jor.br\/news\/wp-json\/wp\/v2\/posts\/86","targetHints":{"allow":["GET"]}}],"collection":[{"href":"https:\/\/meiradarocha.jor.br\/news\/wp-json\/wp\/v2\/posts"}],"about":[{"href":"https:\/\/meiradarocha.jor.br\/news\/wp-json\/wp\/v2\/types\/post"}],"author":[{"embeddable":true,"href":"https:\/\/meiradarocha.jor.br\/news\/wp-json\/wp\/v2\/users\/2"}],"replies":[{"embeddable":true,"href":"https:\/\/meiradarocha.jor.br\/news\/wp-json\/wp\/v2\/comments?post=86"}],"version-history":[{"count":1,"href":"https:\/\/meiradarocha.jor.br\/news\/wp-json\/wp\/v2\/posts\/86\/revisions"}],"predecessor-version":[{"id":5711,"href":"https:\/\/meiradarocha.jor.br\/news\/wp-json\/wp\/v2\/posts\/86\/revisions\/5711"}],"wp:attachment":[{"href":"https:\/\/meiradarocha.jor.br\/news\/wp-json\/wp\/v2\/media?parent=86"}],"wp:term":[{"taxonomy":"category","embeddable":true,"href":"https:\/\/meiradarocha.jor.br\/news\/wp-json\/wp\/v2\/categories?post=86"},{"taxonomy":"post_tag","embeddable":true,"href":"https:\/\/meiradarocha.jor.br\/news\/wp-json\/wp\/v2\/tags?post=86"}],"curies":[{"name":"wp","href":"https:\/\/api.w.org\/{rel}","templated":true}]}}