{"id":82,"date":"2007-06-13T13:52:17","date_gmt":"2007-06-13T16:52:17","guid":{"rendered":"http:\/\/www.meiradarocha.jor.br\/news\/2007\/06\/13\/como-usar-folha-de-estilos\/"},"modified":"2010-06-18T15:24:22","modified_gmt":"2010-06-18T18:24:22","slug":"como-usar-folha-de-estilos","status":"publish","type":"post","link":"https:\/\/meiradarocha.jor.br\/news\/2007\/06\/13\/como-usar-folha-de-estilos\/","title":{"rendered":"Como usar folha de estilos"},"content":{"rendered":"<p><strong>Folha de estilos<\/strong> \u00e9 a cole\u00e7\u00e3o de formatos de texto usados em uma publica\u00e7\u00e3o. Cada estilo \u00e9 gravado com um nome como &#8220;T\u00edtulo principal&#8221; ou &#8220;Legenda&#8221;, e <strong>guarda todas as caracter\u00edsticas<\/strong> daquele elemento gr\u00e1fico jornal\u00edstico.<\/p>\n<p>Por exemplo, um t\u00edtulo principal \u00e9 sempre formatado em corpo 48, entrelinha de 48, fonte Impact, alinhado \u00e0 esquerda, com uma linha fina superior. Para n\u00e3o ter que aplicar toda essa formata\u00e7\u00e3o a cada t\u00edtulo do jornal, em todas as p\u00e1ginas, edi\u00e7\u00e3o ap\u00f3s edi\u00e7\u00e3o, voc\u00ea cria um estilo chamado &#8220;T\u00edtulo Principal&#8221;, com os formatos memorizados. Depois, \u00e9 s\u00f3 clicar no texto a ser formatado e no nome do estilo. O texto se formatar\u00e1 automaticamente.<!--more--><\/p>\n<p>Todo o bom programa gr\u00e1fico, hoje em dia, tem este recurso automatizado: <a href=\"http:\/\/www.openoffice.org\/\">OpenOffice<\/a>, MS Word, CorelDraw, PageMaker, QuarkXPress, Scribus, Corel Ventura (o melhor programa de editora\u00e7\u00e3o que eu j\u00e1 usei). <strong>\u00c9 fundamental que voc\u00ea aprenda a usar a folha de estilo<\/strong> de seu programa preferido.<\/p>\n<ul>\n<li>Ela vai lhe poupar muito tempo de formata\u00e7\u00e3o.<\/li>\n<li>Vai dar a suas publica\u00e7\u00f5es um aspecto profissional, porque todo o trabalho estar\u00e1 com formata\u00e7\u00e3o consistente em todas as p\u00e1ginas.<\/li>\n<li>Facilitar\u00e1 a troca de informa\u00e7\u00f5es, quando voc\u00ea quiser publicar seu conte\u00fado em formato diferente. Quando quiser publicar um jornal impresso na internet, por exemplo, ser\u00e1 preciso apenas mudar os estilos para tags HTML.<\/li>\n<li>Vai facilitar a gera\u00e7\u00e3o de tabela de conte\u00fado (sum\u00e1rio) em publica\u00e7\u00e3o como livros, revistas e Trabalhos de Conclus\u00e3o de Curso (TCC). Se os t\u00edtulos do OpenOffice ou Word, por exemplo, estiverem formatados com os estilos &#8220;T\u00edtulo&#8221;, o sum\u00e1rio \u00e9 gerado em cerca de 5 a 10 segundos, com todos os n\u00fameros de p\u00e1ginas corretos.<\/li>\n<\/ul>\n<p>No PageMaker, a palheta com a folha de estilos \u00e9 ligada ou desligada com as teclas <kbd>CTRL<\/kbd>+<kbd>B<\/kbd>. No Scribus, a tecla \u00e9 <kbd>F3<\/kbd>. Para criar um novo estilo, voc\u00ea escolhe um nome para ele e modifica alguns de seus atributos. Os principais atributos s\u00e3o os de:<\/p>\n<ol>\n<li><strong>CARACTERES.<\/strong> Podem ser aplicados a um \u00fanico caracter.<\/li>\n<li><strong>PAR\u00c1GRAFOS.<\/strong> S\u00e3o aplicados a um par\u00e1grafo inteiro.<\/li>\n<\/ol>\n<p>No PageMaker, estes atributos s\u00e3o modificados clicando-se nos bot\u00f5es [<span style=\"text-decoration: underline;\">C<\/span>arac&#8230;] e [<span style=\"text-decoration: underline;\">P<\/span>ar\u00e1grafo&#8230;], depois de se dar dois clics no nome do estilo, na paleta de estilos (<kbd>CTRL<\/kbd>+<kbd>B<\/kbd>). No Scribus, tecle <kbd>F3<\/kbd> e clique no bot\u00e3o &#8220;Editar&#8221;.<\/p>\n<p>No campo <strong>Nome<\/strong>, voc\u00ea coloca o nome do estilo. Escolha algo que fa\u00e7a sentido para voc\u00ea, mas em geral \u00e9 bom usar um nome curto. Pode usar espa\u00e7os e acentos.No campo <strong>Base<\/strong>, escreva o estilo que serviu de base ao novo que voc\u00ea est\u00e1 criando. Por exemplo: voc\u00ea est\u00e1 criando um estilo chamado de <strong>T\u00edtulo 2<\/strong> que \u00e9 igual ao <strong>T\u00edtulo 1<\/strong>, mas s\u00f3 muda o tamanho do corpo de letra. Ent\u00e3o voc\u00ea cria o <strong>T\u00edtulo 2<\/strong> e diz que a Base \u00e9 o <strong>T\u00edtulo 1<\/strong>. Quando voc\u00ea muda um atributo do <strong>T\u00edtulo 1<\/strong>, o <strong>T\u00edtulo 2<\/strong> tamb\u00e9m muda. Dessa forma, \u00e9 poss\u00edvel se trocar rapidamente todas as fontes de um projeto gr\u00e1fico. Basta que os estilos sejam cuidadosamente planejados pra que um estilo seja sempre baseado em outro, a partir de uns tr\u00eas estilos b\u00e1sicos.<\/p>\n<p>No campo <strong>Pr\u00f3ximo<\/strong>, voc\u00ea deve colocar o estilo que segue aquele que voc\u00ea est\u00e1 criando. Por exemplo: o estilo <strong>Antet\u00edtulo<\/strong> (que vai antes do t\u00edtulo) tem como <em>pr\u00f3ximo<\/em> o estilo <strong>T\u00edtulo 1<\/strong>. Assim, quando voc\u00ea come\u00e7a a escrever um antet\u00edtulo, formata-o com o estilo <strong>Antet\u00edtulo<\/strong>. Quando voc\u00ea der um <kbd>Enter<\/kbd> para escrever o t\u00edtulo, o estilo T\u00edtulo 1 ser\u00e1 aplicado automaticamente. Isso s\u00f3 funciona se voc\u00ea estiver escrevendo diretamente no PageMaker, como acontece em alguns ve\u00edculos, principalmente em jornais de assessorias de comunica\u00e7\u00e3o.<\/p>\n<h3>Importa\u00e7\u00e3o<\/h3>\n<p>A maioria dos programas de editora\u00e7\u00e3o aceita importar texto com estilos. No pageMaker, se voc\u00ea importar texto em formato DOC do MS Word, HTML ou RTF, os estilos podem ser incorporados na folha de estilo. Voc\u00ea define isto nos formul\u00e1rios de importa\u00e7\u00e3o de arquivos dos disversos programas.<\/p>\n<p>No caso do PageMaker, tamb\u00e9m \u00e9 poss\u00edvel se importar texto &#8220;plano&#8221;, sem formata\u00e7\u00e3o, importando tamb\u00e9m os estilos. Basta colocar as marcas como &lt;T\u00edtulo 1&gt; ou &lt;subt\u00edtulo&gt; antes dos par\u00e1grafos e indicar, durante a importa\u00e7\u00e3o, que \u00e9 para ler as marcas. Estes par\u00e1grafos entrar\u00e3o no PageMaker automaticamente formatados. No manual do programa h\u00e1 uma lista com todas as marcas que s\u00e3o aceitas, como negrito, it\u00e1lico etc.<\/p>\n<p>No Corel Ventura, as marcas no in\u00edcio dos par\u00e1grafos s\u00e3o na forma &#8220;@T\u00edtulo 1 =&#8221;. No QuarkXpress, s\u00e3o: &#8220;@T\u00edtulo 1:&#8221;<\/p>\n<h3>Estilos mais comuns<\/h3>\n<p>Abaixo s\u00e3o listados os principais estilos que podem ser tipicamente encontrados em um jornal di\u00e1rio, e a sugest\u00e3o de formatos que eles podem usar.<\/p>\n<h3>Tabela de Estilos<\/h3>\n<table border=\"1\">\n<tbody>\n<tr>\n<th>Nome do estilo<\/th>\n<th>Fun\u00e7\u00e3o<\/th>\n<th>Formata\u00e7\u00e3o<\/th>\n<th>Observa\u00e7\u00e3o<\/th>\n<\/tr>\n<tr>\n<td><strong>Antet\u00edtulo<\/strong><\/td>\n<td>Antecipar o assunto da mat\u00e9ria.<\/td>\n<td>Corpo 16<\/td>\n<td>Quase nunca \u00e9 lido em primeiro lugar. Tem fun\u00e7\u00e3o quase que s\u00f3 visual. No Rio Grande do Sul, chama-se &#8220;cartola&#8221;. No Brasil, chama-se &#8220;Chap\u00e9u&#8221;. Eu prefiro usar o termo que define sua posi\u00e7\u00e3o l\u00f3gica na mat\u00e9ria.<\/td>\n<\/tr>\n<tr>\n<td><strong>Subt\u00edtulo<\/strong><\/td>\n<td>Explica um pouco mais o assunto da mat\u00e9ria<\/td>\n<td>C.18, it\u00e1lico<\/td>\n<td>No RGS, chama-se &#8220;linha de apoio&#8221;, um termo confuso.<\/td>\n<\/tr>\n<tr>\n<td><strong>Resumo (olho)<\/strong><\/td>\n<td>Tem a mesma fun\u00e7\u00e3o do subt\u00edtulo. Na verdade, \u00e9 praticamente a mesma coisa.<\/td>\n<td>C.12<\/td>\n<td>\u00c0s vezes, uma reda\u00e7\u00e3o chama de &#8220;olho&#8221; uma coisa, e outra reda\u00e7\u00e3o chama de &#8220;olho&#8221; outra coisa. S\u00e3o termos <em>paroquiais<\/em>, no dizer do prof. Miro Bacin.O nome &#8220;resumo&#8221; \u00e9 mais descritivo.<\/td>\n<\/tr>\n<tr>\n<td><strong>Autor &#8211; nome<\/strong><\/td>\n<td>Nome do autor da mat\u00e9ria<\/td>\n<td>C.12<\/td>\n<td>Pode ficar no in\u00edcio ou no final da mat\u00e9ria, conforme o projeto gr\u00e1fico.<\/td>\n<\/tr>\n<tr>\n<td><strong>Autor &#8211; complemento<\/strong><\/td>\n<td>Cidade do autor da mat\u00e9ria ou outro complemento, como profiss\u00e3o.<\/td>\n<td>C.12 ou c.10<\/td>\n<td><\/td>\n<\/tr>\n<tr>\n<td><strong>Primeiro par\u00e1grafo<\/strong><\/td>\n<td>O primeiro par\u00e1grafo \u00e9 diferente porque pode ter uma capitular ou uma fonte diferente.<\/td>\n<td>C.10, baseado no normal<\/td>\n<td>O Pagemaker n\u00e3p permite a determina\u00e7\u00e3o de capitular como estilo de par\u00e1grafo. Deve-se usar o menu &#8220;Utilit\u00e1rios adicionais &gt; Capitulares&#8221; e adicionar semi-manualmente a capitular em cada par\u00e1grafo. O QuarkXPress e o Corel Ventura t\u00eam capitulares como atributo de par\u00e1grafo, o que facilita o uso deste recurso. O Ventura \u00e9 o programa que mais recursos tem para capitulares.<\/td>\n<\/tr>\n<tr>\n<td><strong>Normal<\/strong><\/td>\n<td>\u00c9 o formato da maior parte do texto de um jornal<\/td>\n<td>C.10 ou c.11 ou c.9, justificado, 4mm de entrada na primeira linha do par\u00e1grafo.<\/td>\n<td><\/td>\n<\/tr>\n<tr>\n<td><strong>Entret\u00edtulo (intert\u00edtulo)<\/strong><\/td>\n<td>T\u00edtulo colocado entre o texto, para quebrar com a monotonia de texto muito longos<\/td>\n<td>C.10 ou 12<\/td>\n<td><\/td>\n<\/tr>\n<tr>\n<td><strong>Legenda<\/strong><\/td>\n<td>Descreve a foto<\/td>\n<td>C. 10 ou 12<\/td>\n<td><\/td>\n<\/tr>\n<tr>\n<td><strong>Cr\u00e9dito<\/strong><\/td>\n<td>Nome do autor da foto ou ilustra\u00e7\u00e3o<\/td>\n<td>C. 5 cx. alta<\/td>\n<td>Cita\u00e7\u00e3o do autor \u00e9 obrigat\u00f3ria por lei<\/td>\n<\/tr>\n<tr>\n<td><strong>Destaque (olho, arejador)<\/strong><\/td>\n<td>Alguma frase do texto, destacada em corpo grande<\/td>\n<td>C.24, fios abaixo e acima<\/td>\n<td>\u00c0s vezes, uma reda\u00e7\u00e3o chama de &#8220;olho&#8221; uma coisa, e outra reda\u00e7\u00e3o chama de &#8220;olho&#8221; outra coisa. S\u00e3o termos <em>paroquiais<\/em>, no dizer do prof. Miro Bacin. Acho melhor o termo &#8220;<strong>Destaque<\/strong>&#8220;, porque se d\u00e1 <strong>destaque<\/strong> a uma frase forte do texto. Isto pode ser uma excelente solu\u00e7\u00e3o para o caso de voc\u00ea n\u00e3o ter foto ou ilustra\u00e7\u00e3o para uma mat\u00e9ria. Este recurso cria um novo interesse a um texto que poderia ser visualmente muito chato. Olho ou arejador s\u00e3o termos paroquiais.<\/td>\n<\/tr>\n<tr>\n<td><strong>Box &#8211; t\u00edtulo<\/strong><\/td>\n<td><\/td>\n<td>C.24<\/td>\n<td>Box \u00e9 uma materinha relacionada a uma mat\u00e9ria maior, cercada por fio. Procure n\u00e3o editar assuntos em um \u00fanico e monol\u00edtico texto. Se voc\u00ea quebrar um assunto em v\u00e1rias mat\u00e9rias menores, ele ter\u00e1 muito mais chances de ser totalmente lido que se estivesse em um &#8220;tijol\u00e3o&#8221; (bloco \u00fanico de texto).<\/td>\n<\/tr>\n<tr>\n<td><strong>Box &#8211; texto<\/strong><\/td>\n<td><\/td>\n<td>C.10<\/td>\n<td>Baseado no normal<\/td>\n<\/tr>\n<tr>\n<td><strong>Notinha &#8211; t\u00edtulo<\/strong><\/td>\n<td>T\u00edtulo da notinha<\/td>\n<td>C.16<\/td>\n<td><\/td>\n<\/tr>\n<tr>\n<td><strong>Notinha &#8211; texto<\/strong><\/td>\n<td>\u00c9 sempre necess\u00e1rio espa\u00e7o para pequenas notas, em um jornal.<\/td>\n<td>Baseado em Normal, mas com corpo menor: c.9<\/td>\n<td>Alinhado \u00e0 esquerda, para se diferenciar um pouco do texto normal.<\/td>\n<\/tr>\n<\/tbody>\n<\/table>\n<h3>Tabela de estilos de T\u00edtulos<\/h3>\n<table border=\"1\">\n<tbody>\n<tr>\n<th colspan=\"3\">T\u00edtulos prim\u00e1rios.<br \/>\nDevem ser em uma fonte forte ou negrito.<\/th>\n<th colspan=\"3\">T\u00edtulos auxiliares,<br \/>\nusados quando uma mat\u00e9ria vai ao lado de outra com o t\u00edtulo principal, ou alternando com o t\u00edtulo principal.<\/th>\n<\/tr>\n<tr>\n<th>Nome<\/th>\n<th>Fun\u00e7\u00e3o<\/th>\n<th>Formata\u00e7\u00e3o<\/th>\n<th>Nome<\/th>\n<th>Fun\u00e7\u00e3o<\/th>\n<th>Formata\u00e7\u00e3o<\/th>\n<\/tr>\n<tr>\n<td><strong>T\u00edtulo 1 negrito<\/strong><\/td>\n<td>T\u00edtulo principal de p\u00e1gina<\/td>\n<td>C.48, fonte pesada<\/td>\n<td><strong>T\u00edtulo 1 claro<\/strong><\/td>\n<td>T\u00edtulo prim\u00e1rio auxiliar<\/td>\n<td>C. 48, fonte leve<\/td>\n<\/tr>\n<tr>\n<td><strong>T\u00edtulo 2 negrito<\/strong><\/td>\n<td>T\u00edtulo secund\u00e1rio<\/td>\n<td>C.36<\/td>\n<td><strong>T\u00edtulo 2 claro<\/strong><\/td>\n<td>T\u00edtulo secund\u00e1rio auxiliar<\/td>\n<td>C.36, baseado no T\u00edtulo 1 claro<\/td>\n<\/tr>\n<tr>\n<td><strong>T\u00edtulo 3 negrito<\/strong><\/td>\n<td>T\u00edtulo terci\u00e1rio<\/td>\n<td>C.30<\/td>\n<td><strong>T\u00edtulo 3 claro<\/strong><\/td>\n<td>T\u00edtulo terci\u00e1rio auxiliar<\/td>\n<td>C.30, baseado no T\u00edtulo 1 claro<br \/>\nou no T\u00edtulo 2 claro<\/td>\n<\/tr>\n<tr>\n<td><strong>T\u00edtulo 4 negrito<\/strong><\/td>\n<td>T\u00edtulo quatern\u00e1rio<\/td>\n<td>C.24<\/td>\n<td><strong>T\u00edtulo 4 claro<\/strong><\/td>\n<td>&#8230;<\/td>\n<td>C.24, baseado no T\u00edtulo 1 claro<br \/>\nou no T\u00edtulo 3 claro<\/td>\n<\/tr>\n<tr>\n<td><strong>T\u00edtulo 5 negrito<\/strong><\/td>\n<td>&#8230;<\/td>\n<td>C.20<\/td>\n<td><strong>T\u00edtulo 5 claro<\/strong><\/td>\n<td>&#8230;<\/td>\n<td>C.20, baseado no T\u00edtulo 1 claro<br \/>\nou no T\u00edtulo 4 claro<\/td>\n<\/tr>\n<tr>\n<td><strong>T\u00edtulo 6 negrito<\/strong><\/td>\n<td>&#8230;<\/td>\n<td>C.18<\/td>\n<td><strong>T\u00edtulo 6 claro<\/strong><\/td>\n<td>&#8230;<\/td>\n<td>C.18, baseado no T\u00edtulo 1 claro<br \/>\nou no T\u00edtulo 5 claro<\/td>\n<\/tr>\n<tr>\n<td><strong>T\u00edtulo 7 negrito<\/strong><\/td>\n<td>&#8230;<\/td>\n<td>C.16<\/td>\n<td><strong>T\u00edtulo 7 claro<\/strong><\/td>\n<td>&#8230;<\/td>\n<td>C.16, baseado no T\u00edtulo 1 claro<br \/>\nou no T\u00edtulo 6 claro<\/td>\n<\/tr>\n<\/tbody>\n<\/table>\n","protected":false},"excerpt":{"rendered":"<p>Folha de estilos \u00e9 a cole\u00e7\u00e3o de formatos de texto usados em uma publica\u00e7\u00e3o. Cada estilo \u00e9 gravado com um nome como &#8220;T\u00edtulo principal&#8221; ou &#8220;Legenda&#8221;, e guarda todas as [&hellip;]<\/p>\n","protected":false},"author":2,"featured_media":0,"comment_status":"open","ping_status":"open","sticky":false,"template":"","format":"standard","meta":{"footnotes":""},"categories":[25,15,26,10,19,16],"tags":[],"class_list":["post-82","post","type-post","status-publish","format-standard","hentry","category-diagramacao","category-editoracao","category-indesign","category-jornalismo","category-pagemaker","category-scribus"],"_links":{"self":[{"href":"https:\/\/meiradarocha.jor.br\/news\/wp-json\/wp\/v2\/posts\/82","targetHints":{"allow":["GET"]}}],"collection":[{"href":"https:\/\/meiradarocha.jor.br\/news\/wp-json\/wp\/v2\/posts"}],"about":[{"href":"https:\/\/meiradarocha.jor.br\/news\/wp-json\/wp\/v2\/types\/post"}],"author":[{"embeddable":true,"href":"https:\/\/meiradarocha.jor.br\/news\/wp-json\/wp\/v2\/users\/2"}],"replies":[{"embeddable":true,"href":"https:\/\/meiradarocha.jor.br\/news\/wp-json\/wp\/v2\/comments?post=82"}],"version-history":[{"count":0,"href":"https:\/\/meiradarocha.jor.br\/news\/wp-json\/wp\/v2\/posts\/82\/revisions"}],"wp:attachment":[{"href":"https:\/\/meiradarocha.jor.br\/news\/wp-json\/wp\/v2\/media?parent=82"}],"wp:term":[{"taxonomy":"category","embeddable":true,"href":"https:\/\/meiradarocha.jor.br\/news\/wp-json\/wp\/v2\/categories?post=82"},{"taxonomy":"post_tag","embeddable":true,"href":"https:\/\/meiradarocha.jor.br\/news\/wp-json\/wp\/v2\/tags?post=82"}],"curies":[{"name":"wp","href":"https:\/\/api.w.org\/{rel}","templated":true}]}}