{"id":79,"date":"2007-06-13T13:36:10","date_gmt":"2007-06-13T16:36:10","guid":{"rendered":"http:\/\/www.meiradarocha.jor.br\/news\/2007\/06\/13\/por-que-nao-se-deve-usar-a-fonte-avantgarde\/"},"modified":"2012-03-31T13:23:20","modified_gmt":"2012-03-31T16:23:20","slug":"por-que-nao-se-deve-usar-a-fonte-avantgarde","status":"publish","type":"post","link":"https:\/\/meiradarocha.jor.br\/news\/2007\/06\/13\/por-que-nao-se-deve-usar-a-fonte-avantgarde\/","title":{"rendered":"Por que n\u00e3o se deve usar a fonte AvantGarde"},"content":{"rendered":"<p>Voc\u00ea se lembra do filme &#8220;<a href=\"http:\/\/www.moviemalls.com\/W\/waynesworld.htm\">Quanto mais idiota, melhor<\/a>&#8220;, quando Wayne vai tocar guitarra numa loja e o vendedeor aponta um cartaz dizendo &#8220;\u00c9 proibido tocar Stairway to Heaven&#8221;?<\/p>\n<p>Pois quando voc\u00ea for usar a fonte tipogr\u00e1fica <span style=\"font-family: AvantGarde,AvantGarde Bk BT,Avalon,sans-serif;\">AvantGarde<\/span>, lembre-se que estar\u00e1 fazendo como Wayne.<!--more--><\/p>\n<p><a href=\"http:\/\/en.wikipedia.org\/wiki\/Avant_Garde_%28magazine%29\"><img loading=\"lazy\" decoding=\"async\" class=\"alignright size-medium wp-image-2699\" title=\"avant-garde-magazine\" src=\"http:\/\/meiradarocha.jor.br\/news\/wp-content\/uploads\/2007\/06\/avant-garde-magazine-300x300.jpg\" alt=\"Avant Garde Magazine n\u00ba 5\" width=\"300\" height=\"300\" srcset=\"https:\/\/meiradarocha.jor.br\/news\/wp-content\/uploads\/2007\/06\/avant-garde-magazine-300x300.jpg 300w, https:\/\/meiradarocha.jor.br\/news\/wp-content\/uploads\/2007\/06\/avant-garde-magazine-150x150.jpg 150w, https:\/\/meiradarocha.jor.br\/news\/wp-content\/uploads\/2007\/06\/avant-garde-magazine-36x36.jpg 36w, https:\/\/meiradarocha.jor.br\/news\/wp-content\/uploads\/2007\/06\/avant-garde-magazine-115x115.jpg 115w, https:\/\/meiradarocha.jor.br\/news\/wp-content\/uploads\/2007\/06\/avant-garde-magazine.jpg 450w\" sizes=\"auto, (max-width: 300px) 100vw, 300px\" \/><\/a>Esta fonte \u00e9 muito bonita, <strong>muito bem desenhada<\/strong> (cria\u00e7\u00e3o de <a href=\"http:\/\/www.google.com\/search?hl=pt&amp;ie=ISO-8859-1&amp;q=Herb+Lubalin&amp;lr=\">Herb Lubalin<\/a>, grande tip\u00f3grafo e editor de arte). Mas est\u00e1 embutida em todas as impressoras PostScript desde 1986 e \u00e9 a \u00fanica fonte decorativa &#8220;de uso geral&#8221; no conjunto b\u00e1sico destas impressoras. Ent\u00e3o, todo o mundo usa. Al\u00e9m disso, costuma ficar no alto das listas de fontes, nos programas de editora\u00e7\u00e3o, o que facilita sua escolha por quem est\u00e1 com pregui\u00e7a de escolher uma das mil fontes do Corel Draw. Sempre que algu\u00e9m quis usar uma fonte &#8220;bonitinha&#8221;, usou <span style=\"font-family: AvantGarde,AvantGarde Bk BT,Avalon,sans-serif;\">AvantGarde<\/span>. Pois bem: <strong>CHEGA<\/strong>! N\u00e3o aguento mais <span style=\"font-family: AvantGarde,AvantGarde Bk BT,Avalon,sans-serif;\">AvantGarde<\/span> em qualquer folheto ou cartazinho de firma. Ela est\u00e1 sobreutilizada! Over! \u00c9 bonitinha mas ordin\u00e1ria.<\/p>\n<h3>&#8220;Ai, mas eu acho t\u00e3o bonitinha&#8230;&#8221;<\/h3>\n<p>Segundo o tip\u00f3grafo <a href=\"http:\/\/www.google.com.br\/search?q=Tony+DiSpigna&amp;ie=UTF-8&amp;oe=UTF-8&amp;hl=pt-BR&amp;btnG=Pesquisa+Google&amp;lr=\">Tony DiSpigna<\/a>, parceiro de <strong>Lubalin<\/strong>, a primeira vez que a fonte foi usada, na logotipia da revista <a href=\"https:\/\/www.google.com\/search?q=avant+garde+magazine&amp;hl=en&amp;safe=off&amp;client=ubuntu&amp;hs=Pz1&amp;channel=fs&amp;prmd=imvns&amp;tbm=isch&amp;tbo=u&amp;source=univ&amp;sa=X&amp;ei=-it3T-GlKc75ggeYh_z1Dg&amp;ved=0CEMQsAQ&amp;biw=1920&amp;bih=882\"><span style=\"font-family: AvantGarde,AvantGarde Bk BT,Avalon,sans-serif;\">Avant Garde<\/span><\/a> (1968), foi uma das pouca vezes em que ela foi usada bem. <a href=\"http:\/\/www.google.com\/search?hl=pt&amp;ie=ISO-8859-1&amp;q=Ed+Benguiat&amp;lr=\">Ed Benguiat<\/a>, outro monstro da tipografia e amigo de Lubalin, j\u00e1 disse: &#8220;<strong>o \u00fanico lugar em que a fonte <span style=\"font-family: AvantGarde,AvantGarde Bk BT,Avalon,sans-serif;\">AvantGarde<\/span> fica bem \u00e9 nas palavras <span style=\"font-family: AvantGarde,AvantGarde Bk BT,Avalon,sans-serif;\">Avant Garde<\/span>. <\/strong><strong>Todo o mundo arru\u00edna ela<\/strong>&#8220;.<\/p>\n<p>Entre os arruinadores, est\u00e3o a Rede Globo, que desde os anos 70 usa <span style=\"font-family: AvantGarde,AvantGarde Bk BT,Avalon,sans-serif;\">AvantGarde<\/span> em logotipos. Como o do Jornal da Globo, por exemplo, ou da pr\u00f3pria empresa.<\/p>\n<p><span style=\"font-family: AvantGarde,AvantGarde Bk BT,Avalon,sans-serif;\">Para mim, o grande problema dela (al\u00e9m de ter um temperamento muito duro, seco) \u00e9 que as min\u00fasculas todas s\u00e3o muito parecidas, todas redondinhas, desenhados com compasso. Isso faz a leitura ficar muito prejudicada, pois os olhos n\u00e3o conseguem diferenciar muito uma letra da outra. Isso diminui a velocidade de leitura e torna o prazer de ler, um supl\u00edcio.<\/span><\/p>\n<p><span style=\"font-family: AvantGarde,AvantGarde Bk BT,Avalon,sans-serif;\">Se voc\u00ea leu sem problemas estes dois par\u00e1grafos, ent\u00e3o voc\u00ea n\u00e3o tem AvantGarde instalada em seu micro. Parab\u00e9ns.<\/span><\/p>\n<p>Lembre-se, ent\u00e3o: daqui para a frente, use qualquer coisa, menos <span style=\"font-family: AvantGarde,AvantGarde Bk BT,Avalon,sans-serif;\">AvantGarde<\/span> (ou <span style=\"font-family: AvantGarde,AvantGarde Bk BT,Avalon,sans-serif;\">Avalon<\/span>, como a Corel chamava sua vers\u00e3o, ou <span style=\"font-family: AvantGarde,AvantGarde Bk BT,Avalon,sans-serif;\">AvantGarde Bk BT<\/span>, como a Bitstream chama a sua). Use, at\u00e9 mesmo, a <span style=\"font-family: Futura,Futura Book,Futura Bk BT,sans-serif;\">Futura<\/span>, mas n\u00e3o use <span style=\"font-family: AvantGarde,AvantGarde Bk BT,Avalon,sans-serif;\">AvantGarde<\/span>.<\/p>\n<p>Saiba mais sobre a hist\u00f3ria desta fonte no seguinte link: <strong><a href=\"http:\/\/www.graphic-design.com\/Type\/Avant\/Avant2.html\">Caro Fred, e todos os que querem usar AvantGarde.<\/a><\/strong><\/p>\n<p>E saiba tamb\u00e9m por que <a href=\"http:\/\/earz-mag.com\/2007\/March\/Why_Ban_Comic_Sans.html\">banir a Comic Sans<\/a>.<\/p>\n","protected":false},"excerpt":{"rendered":"<p>Voc\u00ea se lembra do filme &#8220;Quanto mais idiota, melhor&#8220;, quando Wayne vai tocar guitarra numa loja e o vendedeor aponta um cartaz dizendo &#8220;\u00c9 proibido tocar Stairway to Heaven&#8221;? Pois [&hellip;]<\/p>\n","protected":false},"author":2,"featured_media":0,"comment_status":"open","ping_status":"open","sticky":false,"template":"","format":"standard","meta":{"footnotes":""},"categories":[24,25,15,40,10],"tags":[],"class_list":["post-79","post","type-post","status-publish","format-standard","hentry","category-design-grafico","category-diagramacao","category-editoracao","category-fontes","category-jornalismo"],"_links":{"self":[{"href":"https:\/\/meiradarocha.jor.br\/news\/wp-json\/wp\/v2\/posts\/79","targetHints":{"allow":["GET"]}}],"collection":[{"href":"https:\/\/meiradarocha.jor.br\/news\/wp-json\/wp\/v2\/posts"}],"about":[{"href":"https:\/\/meiradarocha.jor.br\/news\/wp-json\/wp\/v2\/types\/post"}],"author":[{"embeddable":true,"href":"https:\/\/meiradarocha.jor.br\/news\/wp-json\/wp\/v2\/users\/2"}],"replies":[{"embeddable":true,"href":"https:\/\/meiradarocha.jor.br\/news\/wp-json\/wp\/v2\/comments?post=79"}],"version-history":[{"count":0,"href":"https:\/\/meiradarocha.jor.br\/news\/wp-json\/wp\/v2\/posts\/79\/revisions"}],"wp:attachment":[{"href":"https:\/\/meiradarocha.jor.br\/news\/wp-json\/wp\/v2\/media?parent=79"}],"wp:term":[{"taxonomy":"category","embeddable":true,"href":"https:\/\/meiradarocha.jor.br\/news\/wp-json\/wp\/v2\/categories?post=79"},{"taxonomy":"post_tag","embeddable":true,"href":"https:\/\/meiradarocha.jor.br\/news\/wp-json\/wp\/v2\/tags?post=79"}],"curies":[{"name":"wp","href":"https:\/\/api.w.org\/{rel}","templated":true}]}}