{"id":77,"date":"2007-06-13T13:25:44","date_gmt":"2007-06-13T16:25:44","guid":{"rendered":"http:\/\/www.meiradarocha.jor.br\/news\/2007\/06\/13\/caminhos-da-visao\/"},"modified":"2011-03-27T21:23:49","modified_gmt":"2011-03-28T00:23:49","slug":"caminhos-da-visao","status":"publish","type":"post","link":"https:\/\/meiradarocha.jor.br\/news\/2007\/06\/13\/caminhos-da-visao\/","title":{"rendered":"Caminhos da vis\u00e3o"},"content":{"rendered":"<p><a href=\"http:\/\/meiradarocha.jor.br\/news\/wp-content\/uploads\/2007\/06\/Yarbus_The_Visitor.jpg\"><img loading=\"lazy\" decoding=\"async\" class=\"alignright size-medium wp-image-1949\" title=\"http:\/\/upload.wikimedia.org\/wikipedia\/en\/d\/d2\/Yarbus_The_Visitor.jpg\" src=\"http:\/\/meiradarocha.jor.br\/news\/wp-content\/uploads\/2007\/06\/Yarbus_The_Visitor-300x256.jpg\" alt=\"http:\/\/upload.wikimedia.org\/wikipedia\/en\/d\/d2\/Yarbus_The_Visitor.jpg\" width=\"300\" height=\"256\" srcset=\"https:\/\/meiradarocha.jor.br\/news\/wp-content\/uploads\/2007\/06\/Yarbus_The_Visitor-300x256.jpg 300w, https:\/\/meiradarocha.jor.br\/news\/wp-content\/uploads\/2007\/06\/Yarbus_The_Visitor-150x128.jpg 150w, https:\/\/meiradarocha.jor.br\/news\/wp-content\/uploads\/2007\/06\/Yarbus_The_Visitor-768x656.jpg 768w, https:\/\/meiradarocha.jor.br\/news\/wp-content\/uploads\/2007\/06\/Yarbus_The_Visitor.jpg 808w\" sizes=\"auto, (max-width: 300px) 100vw, 300px\" \/><\/a>Quando olhamos uma <strong>imagem visual<\/strong> est\u00e1tica, na verdade n\u00e3o h\u00e1 &#8220;est\u00e1tica&#8221;, mas uma a\u00e7\u00e3o din\u00e2mica, o movimento dos olhos pela obra. N\u00f3s n\u00e3o enxergamos a obra como um todo, mas como uma sequ\u00eancia de detalhes colhidos pelos olhos ao longo de um intrincado caminho.<!--more--><\/p>\n<p>A imagem ao lado mostra o movimento da <strong>linguagem visual<\/strong>.  \u00c9 um estudo de <a href=\"http:\/\/en.wikipedia.org\/wiki\/Alfred_L._Yarbus\">Alfred Yarbus<\/a> sobre a maneira como observadores olham para uma obra visual. Yarbus descobriu que o caminho da vis\u00e3o depende n\u00e3o s\u00f3 da disposi\u00e7\u00e3o dos objetos visualizados, mas tamb\u00e9m das &#8220;tarefas&#8221; \u00e0s quais se dedica o observador.\u00a0 Foi citado em PLAZA, Julio. <strong>Videografia em videotexto<\/strong>. S\u00e3o Paulo : Hucitec, 1986. No caso, foi usado o quadro <a title=\"Caminhos da vis\u00e3o\" href=\"http:\/\/www.meiradarocha.jor.br\/news\/wp-content\/uploads\/2007\/06\/caminhos-da-visao.gif\"><img decoding=\"async\" style=\"margin: 8pt 12px 12px 0pt; float: left;\" src=\"http:\/\/www.meiradarocha.jor.br\/news\/wp-content\/uploads\/2007\/06\/caminhos-da-visao.thumbnail.gif\" alt=\"Caminhos da vis\u00e3o\" \/><\/a>&#8220;<strong>Retorno inesperado<\/strong>&#8220;, de <strong>Ilya Repin<\/strong>. A imagem \u00e9 em formato GIF animado feito a partir da sobreposi\u00e7\u00e3o do quadro e do caminho percorrido pelo olhar de observadores, em quatro dias seguidos.<\/p>\n<p>Eu escaneei os rabiscos feitos pelo movimento dos olhos, e sobrepus \u00e0 imagem do quadro. Repare como os olhos passam mais em pontos-chave como rostos de pessoas.<\/p>\n<p>Na internet, achei uma <a href=\"http:\/\/wexler.free.fr\/library\/files\/yarbus%20%281967%29%20eye%20movements%20and%20vision.pdf\">c\u00f3pia escaneada do estudo de Yarbu<\/a>s e coloco aqui:<\/p>\n<ul>\n<li><a href=\"http:\/\/meiradarocha.jor.br\/news\/wp-content\/uploads\/2007\/06\/yarbus-1967-eye-movements-and-vision.pdf\">YARBUS, Alfred L. Eye Movements and Vision. Plenum Press: New York, 1967.<\/a><\/li>\n<\/ul>\n","protected":false},"excerpt":{"rendered":"<p>Quando olhamos uma imagem visual est\u00e1tica, na verdade n\u00e3o h\u00e1 &#8220;est\u00e1tica&#8221;, mas uma a\u00e7\u00e3o din\u00e2mica, o movimento dos olhos pela obra. N\u00f3s n\u00e3o enxergamos a obra como um todo, mas [&hellip;]<\/p>\n","protected":false},"author":2,"featured_media":0,"comment_status":"open","ping_status":"open","sticky":false,"template":"","format":"standard","meta":{"footnotes":""},"categories":[24,25,15],"tags":[],"class_list":["post-77","post","type-post","status-publish","format-standard","hentry","category-design-grafico","category-diagramacao","category-editoracao"],"_links":{"self":[{"href":"https:\/\/meiradarocha.jor.br\/news\/wp-json\/wp\/v2\/posts\/77","targetHints":{"allow":["GET"]}}],"collection":[{"href":"https:\/\/meiradarocha.jor.br\/news\/wp-json\/wp\/v2\/posts"}],"about":[{"href":"https:\/\/meiradarocha.jor.br\/news\/wp-json\/wp\/v2\/types\/post"}],"author":[{"embeddable":true,"href":"https:\/\/meiradarocha.jor.br\/news\/wp-json\/wp\/v2\/users\/2"}],"replies":[{"embeddable":true,"href":"https:\/\/meiradarocha.jor.br\/news\/wp-json\/wp\/v2\/comments?post=77"}],"version-history":[{"count":0,"href":"https:\/\/meiradarocha.jor.br\/news\/wp-json\/wp\/v2\/posts\/77\/revisions"}],"wp:attachment":[{"href":"https:\/\/meiradarocha.jor.br\/news\/wp-json\/wp\/v2\/media?parent=77"}],"wp:term":[{"taxonomy":"category","embeddable":true,"href":"https:\/\/meiradarocha.jor.br\/news\/wp-json\/wp\/v2\/categories?post=77"},{"taxonomy":"post_tag","embeddable":true,"href":"https:\/\/meiradarocha.jor.br\/news\/wp-json\/wp\/v2\/tags?post=77"}],"curies":[{"name":"wp","href":"https:\/\/api.w.org\/{rel}","templated":true}]}}