{"id":72,"date":"2007-06-13T13:12:28","date_gmt":"2007-06-13T16:12:28","guid":{"rendered":"http:\/\/www.meiradarocha.jor.br\/news\/2007\/06\/13\/principios-e-elementos-do-design-2\/"},"modified":"2011-03-22T09:43:14","modified_gmt":"2011-03-22T12:43:14","slug":"principios-e-elementos-do-design-2","status":"publish","type":"post","link":"https:\/\/meiradarocha.jor.br\/news\/2007\/06\/13\/principios-e-elementos-do-design-2\/","title":{"rendered":"Princ\u00edpios e elementos do Design"},"content":{"rendered":"<p>Dois textos da professora Isabela Lara Oliveira apresentam os <strong>elementos<\/strong> e os <strong>princ\u00edpios<\/strong> do design. O elementos s\u00e3o as &#8220;<strong>palavras<\/strong>&#8221; do dicion\u00e1rio de design, e os princ\u00edpios s\u00e3o as <strong>regras <\/strong>de combina\u00e7\u00e3o dos elementos, a gram\u00e1tica da linguagem visual. Como qualquer fen\u00f4meno no universo, o design \u00e9 a leitura de &#8220;frases&#8221; feitas com ajuda de um dicion\u00e1rio e uma gram\u00e1tica.<!--more--><\/p>\n<p>Baixe os textos:<\/p>\n<ul>\n<li><a title=\"Elementos b\u00e1sicos do design\" href=\"http:\/\/www.meiradarocha.jor.br\/news\/wp-content\/uploads\/2007\/06\/2_elementos_basicos.pdf\">Elementos b\u00e1sicos do design<\/a> (PDF).<\/li>\n<li><a title=\"Princ\u00edpios do design\" href=\"http:\/\/www.meiradarocha.jor.br\/news\/wp-content\/uploads\/2007\/06\/3_principios.pdf\">Princ\u00edpios do design<\/a> (PDF).<\/li>\n<\/ul>\n<p>E leia tamb\u00e9m o artigo <a href=\"http:\/\/meiradarocha.jor.br\/news\/2007\/06\/13\/caminhos-da-visao\/\">Caminhos da Vis\u00e3o<\/a>.<\/p>\n","protected":false},"excerpt":{"rendered":"<p>Dois textos da professora Isabela Lara Oliveira apresentam os elementos e os princ\u00edpios do design. O elementos s\u00e3o as &#8220;palavras&#8221; do dicion\u00e1rio de design, e os princ\u00edpios s\u00e3o as regras [&hellip;]<\/p>\n","protected":false},"author":2,"featured_media":0,"comment_status":"open","ping_status":"open","sticky":false,"template":"","format":"standard","meta":{"footnotes":""},"categories":[24,25,15,10],"tags":[],"class_list":["post-72","post","type-post","status-publish","format-standard","hentry","category-design-grafico","category-diagramacao","category-editoracao","category-jornalismo"],"_links":{"self":[{"href":"https:\/\/meiradarocha.jor.br\/news\/wp-json\/wp\/v2\/posts\/72","targetHints":{"allow":["GET"]}}],"collection":[{"href":"https:\/\/meiradarocha.jor.br\/news\/wp-json\/wp\/v2\/posts"}],"about":[{"href":"https:\/\/meiradarocha.jor.br\/news\/wp-json\/wp\/v2\/types\/post"}],"author":[{"embeddable":true,"href":"https:\/\/meiradarocha.jor.br\/news\/wp-json\/wp\/v2\/users\/2"}],"replies":[{"embeddable":true,"href":"https:\/\/meiradarocha.jor.br\/news\/wp-json\/wp\/v2\/comments?post=72"}],"version-history":[{"count":0,"href":"https:\/\/meiradarocha.jor.br\/news\/wp-json\/wp\/v2\/posts\/72\/revisions"}],"wp:attachment":[{"href":"https:\/\/meiradarocha.jor.br\/news\/wp-json\/wp\/v2\/media?parent=72"}],"wp:term":[{"taxonomy":"category","embeddable":true,"href":"https:\/\/meiradarocha.jor.br\/news\/wp-json\/wp\/v2\/categories?post=72"},{"taxonomy":"post_tag","embeddable":true,"href":"https:\/\/meiradarocha.jor.br\/news\/wp-json\/wp\/v2\/tags?post=72"}],"curies":[{"name":"wp","href":"https:\/\/api.w.org\/{rel}","templated":true}]}}