{"id":547,"date":"2008-08-30T16:16:15","date_gmt":"2008-08-30T19:16:15","guid":{"rendered":"http:\/\/meiradarocha.jor.br\/news\/?p=547"},"modified":"2008-08-30T16:19:58","modified_gmt":"2008-08-30T19:19:58","slug":"a-bahia-tem-tabloide","status":"publish","type":"post","link":"https:\/\/meiradarocha.jor.br\/news\/2008\/08\/30\/a-bahia-tem-tabloide\/","title":{"rendered":"A Bahia tem tabl\u00f3ide"},"content":{"rendered":"<p>Mais um jornal grand\u00e3o vira <a href=\"http:\/\/pt.wikipedia.org\/wiki\/Tabl%C3%B3ide\">tabl\u00f3ide<\/a>. Dessa vez \u00e9 o brasileiro <a href=\"http:\/\/www.correiodabahia.com.br\/\">Correio da Bahia<\/a>, que encurtou at\u00e9 o nome (o logotipo d\u00e1 destaque \u00e0 palavra Correio).\u00a0 O novo projeto gr\u00e1fico \u00e9 din\u00e2mico, enxuto, elegante, colorido. Voc\u00ea pode conferir no site do di\u00e1rio a <a href=\"http:\/\/pageflip.correio24horas.com.br\/\">vers\u00e3o do dia em formato &#8220;flip&#8221;<\/a>, a imita\u00e7\u00e3o em Flash do jornal de papel. N\u00e3o tenho particularmente simpatia por este formato (me parece meio kitsh), mas tamb\u00e9m n\u00e3o tenho nada muito contra.<\/p>\n","protected":false},"excerpt":{"rendered":"<p>Mais um jornal grand\u00e3o vira tabl\u00f3ide. Dessa vez \u00e9 o brasileiro Correio da Bahia, que encurtou at\u00e9 o nome (o logotipo d\u00e1 destaque \u00e0 palavra Correio).\u00a0 O novo projeto gr\u00e1fico [&hellip;]<\/p>\n","protected":false},"author":2,"featured_media":0,"comment_status":"open","ping_status":"open","sticky":false,"template":"","format":"standard","meta":{"footnotes":""},"categories":[25,15,10],"tags":[],"class_list":["post-547","post","type-post","status-publish","format-standard","hentry","category-diagramacao","category-editoracao","category-jornalismo"],"_links":{"self":[{"href":"https:\/\/meiradarocha.jor.br\/news\/wp-json\/wp\/v2\/posts\/547","targetHints":{"allow":["GET"]}}],"collection":[{"href":"https:\/\/meiradarocha.jor.br\/news\/wp-json\/wp\/v2\/posts"}],"about":[{"href":"https:\/\/meiradarocha.jor.br\/news\/wp-json\/wp\/v2\/types\/post"}],"author":[{"embeddable":true,"href":"https:\/\/meiradarocha.jor.br\/news\/wp-json\/wp\/v2\/users\/2"}],"replies":[{"embeddable":true,"href":"https:\/\/meiradarocha.jor.br\/news\/wp-json\/wp\/v2\/comments?post=547"}],"version-history":[{"count":0,"href":"https:\/\/meiradarocha.jor.br\/news\/wp-json\/wp\/v2\/posts\/547\/revisions"}],"wp:attachment":[{"href":"https:\/\/meiradarocha.jor.br\/news\/wp-json\/wp\/v2\/media?parent=547"}],"wp:term":[{"taxonomy":"category","embeddable":true,"href":"https:\/\/meiradarocha.jor.br\/news\/wp-json\/wp\/v2\/categories?post=547"},{"taxonomy":"post_tag","embeddable":true,"href":"https:\/\/meiradarocha.jor.br\/news\/wp-json\/wp\/v2\/tags?post=547"}],"curies":[{"name":"wp","href":"https:\/\/api.w.org\/{rel}","templated":true}]}}