{"id":51,"date":"2007-06-04T12:43:08","date_gmt":"2007-06-04T15:43:08","guid":{"rendered":"http:\/\/www.meiradarocha.jor.br\/news\/2007\/06\/04\/por-que-fazer-modulacao-comercial\/"},"modified":"2009-02-16T19:24:43","modified_gmt":"2009-02-16T22:24:43","slug":"por-que-fazer-modulacao-comercial","status":"publish","type":"post","link":"https:\/\/meiradarocha.jor.br\/news\/2007\/06\/04\/por-que-fazer-modulacao-comercial\/","title":{"rendered":"Por que fazer modula\u00e7\u00e3o comercial"},"content":{"rendered":"<p>Hoje, na <strong>diagrama\u00e7\u00e3o <\/strong>e no design de <strong>publica\u00e7\u00f5es<\/strong>, deve-se usar a modula\u00e7\u00e3o comercial e editorial para facilitar o processo produtivo do ve\u00edculo. A <strong>modula\u00e7\u00e3o<\/strong> \u00e9 a divis\u00e3o de \u00e1rea do impresso em uma grade modular. Isto \u00e9, a grade de colunas e fileiras servir\u00e1 de m\u00f3dulo para os tamanhos de an\u00fancios e, por conseq\u00fc\u00eancia, para diagrama\u00e7\u00e3o de mat\u00e9rias editoriais.<\/p>\n<p>As vantagens deste m\u00e9todo s\u00e3o as seguintes:<!--more--><\/p>\n<ul>\n<li><strong>A modula\u00e7\u00e3o reduz os custos<\/strong> para ag\u00eancias de publicidade e para anunciantes de uma regi\u00e3o. O m\u00f3dulo padr\u00e3o deve ser negociado entre os diversos ve\u00edculos da regi\u00e3o e entre os agentos do mercado, para que todos usem as mesmas medidas.<\/li>\n<li><strong>A modula\u00e7\u00e3o facilita e agiliza a diagrama\u00e7\u00e3o<\/strong>: o ve\u00edculo pode ter algumas centenas de p\u00e1ginas pr\u00e9-diagramadas em suas bibliotecas de p\u00e1ginas, prontas para serem preenchidas com as not\u00edcias do dia (O jornal <a href=\"http:\/\/www.zerohora.com.br\/\">Zero Hora<\/a>, de Porto Alegre, tem cerca de 200 p\u00e1ginas pr\u00e9-diagramadas)<\/li>\n<\/ul>\n<p><a title=\"Modula\u00e7\u00e3o comercial e editorial\" href=\"http:\/\/www.meiradarocha.jor.br\/news\/wp-content\/uploads\/2007\/06\/piramide-de-anuncios.gif\"><img loading=\"lazy\" decoding=\"async\" class=\"alignleft\" src=\"http:\/\/www.meiradarocha.jor.br\/news\/wp-content\/uploads\/2007\/06\/piramide-de-anuncios.gif\" alt=\"Modula\u00e7\u00e3o comercial e editorial\" width=\"342\" height=\"230\" \/><\/a>Na ilustra\u00e7\u00e3o a seguir, aparece uma p\u00e1gina do PageMaker com linhas-guia marcando a grade de diagrama\u00e7\u00e3o baseada em m\u00f3dulos. Repare que todos os an\u00fancios obedecem ao tamanho dos m\u00f3dulos.<\/p>\n<h3>Pir\u00e2mide de an\u00fancios.<\/h3>\n<p>Nem sempre \u00e9 poss\u00edvel adequar os an\u00fancios ao tamanho padronizado dos m\u00f3dulos. Nestes casos, n\u00e3o se pode fazer nada a n\u00e3o ser aceitar os an\u00fancios. A\u00ed, a diagrama\u00e7\u00e3o das mat\u00e9rias sai fora da modula\u00e7\u00e3o. N\u00e3o h\u00e1 problema quanto a isto, mas deve ser uma exce\u00e7\u00e3o, n\u00e3o uma regra.<\/p>\n<h3>Criando grades<\/h3>\n<p>Os programas de editora\u00e7\u00e3o, em geral, t\u00eam um recurso chamado de <strong>linha-guia<\/strong> para ajudar a marcar o espa\u00e7o modulado. Essas linhas-guia atraem os objetos gr\u00e1ficos como se fossem \u00edm\u00e3s, ajudando o alinhamento.<\/p>\n<p><strong>Dicas sobre guias no PageMaker:<\/strong><\/p>\n<ol>\n<li>Coloque as guias arrastando o mouse das r\u00e9guas para a p\u00e1gina.<\/li>\n<li>Elimine as guias arrastando-as de volta para as r\u00e9guas.<\/li>\n<li>Para evitar mover por engano as guias ou as divis\u00f5es de colunas, trave-as pelo menu &#8220;<span style=\"color: #ff0000;\">Visualiza\u00e7\u00e3o &gt; travar guias<\/span>&#8221; (teclas de atalho <kbd>CTRL<\/kbd>+<kbd>ALT<\/kbd>+<kbd>\u00e7<\/kbd>).<\/li>\n<li>Para facilitar a coloca\u00e7\u00e3o de linhas-guias, ligue o recurso de aderir \u00e0s r\u00e9guas: Menu &#8220;<span style=\"color: #ff0000;\">Visualiza\u00e7\u00e3o &gt; Aderir \u00e0s r\u00e9guas<\/span>&#8221; (teclas <kbd>CTRL<\/kbd>+<kbd>ALT<\/kbd>+<kbd>R<\/kbd>)<\/li>\n<li>Colocar estas linhas-guia manualmente pode ser aborrecido. Para facilitar este servi\u00e7o, o PageMaker disp\u00f5e de um gerenciador de grades (menu &#8220;Recursos adicionais &gt; Gerenciador de grades&#8221;) que permite a voc\u00ea aplicar imediatamente uma grade pr\u00e9-desenhada \u00e0 p\u00e1gina.<\/li>\n<\/ol>\n","protected":false},"excerpt":{"rendered":"<p>Hoje, na diagrama\u00e7\u00e3o e no design de publica\u00e7\u00f5es, deve-se usar a modula\u00e7\u00e3o comercial e editorial para facilitar o processo produtivo do ve\u00edculo. A modula\u00e7\u00e3o \u00e9 a divis\u00e3o de \u00e1rea do [&hellip;]<\/p>\n","protected":false},"author":2,"featured_media":0,"comment_status":"open","ping_status":"open","sticky":false,"template":"","format":"standard","meta":{"footnotes":""},"categories":[15,10,19,16],"tags":[],"class_list":["post-51","post","type-post","status-publish","format-standard","hentry","category-editoracao","category-jornalismo","category-pagemaker","category-scribus"],"_links":{"self":[{"href":"https:\/\/meiradarocha.jor.br\/news\/wp-json\/wp\/v2\/posts\/51","targetHints":{"allow":["GET"]}}],"collection":[{"href":"https:\/\/meiradarocha.jor.br\/news\/wp-json\/wp\/v2\/posts"}],"about":[{"href":"https:\/\/meiradarocha.jor.br\/news\/wp-json\/wp\/v2\/types\/post"}],"author":[{"embeddable":true,"href":"https:\/\/meiradarocha.jor.br\/news\/wp-json\/wp\/v2\/users\/2"}],"replies":[{"embeddable":true,"href":"https:\/\/meiradarocha.jor.br\/news\/wp-json\/wp\/v2\/comments?post=51"}],"version-history":[{"count":0,"href":"https:\/\/meiradarocha.jor.br\/news\/wp-json\/wp\/v2\/posts\/51\/revisions"}],"wp:attachment":[{"href":"https:\/\/meiradarocha.jor.br\/news\/wp-json\/wp\/v2\/media?parent=51"}],"wp:term":[{"taxonomy":"category","embeddable":true,"href":"https:\/\/meiradarocha.jor.br\/news\/wp-json\/wp\/v2\/categories?post=51"},{"taxonomy":"post_tag","embeddable":true,"href":"https:\/\/meiradarocha.jor.br\/news\/wp-json\/wp\/v2\/tags?post=51"}],"curies":[{"name":"wp","href":"https:\/\/api.w.org\/{rel}","templated":true}]}}