{"id":319,"date":"2008-05-29T16:55:34","date_gmt":"2008-05-29T19:55:34","guid":{"rendered":"http:\/\/meiradarocha.jor.br\/news\/?p=319"},"modified":"2008-05-27T17:50:59","modified_gmt":"2008-05-27T20:50:59","slug":"qual-a-resolucao-de-tela-do-olpc-xo","status":"publish","type":"post","link":"https:\/\/meiradarocha.jor.br\/news\/2008\/05\/29\/qual-a-resolucao-de-tela-do-olpc-xo\/","title":{"rendered":"Qual a resolu\u00e7\u00e3o de tela do OLPC-XO?"},"content":{"rendered":"<p>A tela em tons de cinza do <a href=\"http:\/\/en.wikipedia.org\/wiki\/OLPC_XO-1\">OLPC XO<\/a> tem a resolu\u00e7\u00e3o de 1200 x 900 pixels. Isto \u00e9 f\u00e1cil de se medir. Mas a <a title=\"Imagem dos pixels da tela do XO\" href=\"http:\/\/en.wikipedia.org\/wiki\/Image:XO_screen_01_Pengo.jpg\">tela colorida<\/a> apresenta dificuldades devido \u00e0 sua t\u00e9cnica, desenvolvida por Mary Lou Jepsen. Agora, ela anuncia oficialmente: a tela colorida tem resolu\u00e7\u00e3o <strong>perceptual <\/strong>de <a href=\"http:\/\/pixelqi.com\/blog1\/2008\/05\/27\/higher-resolution-than-we-thought-the-xo-laptop-screen\/\"><strong>984 x 738 pixels<\/strong><\/a>.<\/p>\n<p>Nem queiram saber como o respons\u00e1vel, Michiel Klompenhouwer da Philips Research, chegou a este resultado. \u00c9 um material excessivamente engenheir\u00edstico que pode perturbar pessoas mais sens\u00edveis. O paper apresentado da reuni\u00e3o da <a href=\"http:\/\/www.sid.org\/\"><strong>The For Society of Information Display<\/strong> <\/a>n\u00e3o est\u00e1 dispon\u00edvel, mas tem um material do autor aqui em PDF: <a href=\"http:\/\/www.es.ele.tue.nl\/~dehaan\/pdf\/90_jsid2003.pdf\">Subpixels Scaling for Color Matrix Displays<\/a>.<\/p>\n","protected":false},"excerpt":{"rendered":"<p>A tela em tons de cinza do OLPC XO tem a resolu\u00e7\u00e3o de 1200 x 900 pixels. Isto \u00e9 f\u00e1cil de se medir. Mas a tela colorida apresenta dificuldades devido [&hellip;]<\/p>\n","protected":false},"author":2,"featured_media":0,"comment_status":"open","ping_status":"open","sticky":false,"template":"","format":"standard","meta":{"footnotes":""},"categories":[1],"tags":[],"class_list":["post-319","post","type-post","status-publish","format-standard","hentry","category-geral"],"_links":{"self":[{"href":"https:\/\/meiradarocha.jor.br\/news\/wp-json\/wp\/v2\/posts\/319","targetHints":{"allow":["GET"]}}],"collection":[{"href":"https:\/\/meiradarocha.jor.br\/news\/wp-json\/wp\/v2\/posts"}],"about":[{"href":"https:\/\/meiradarocha.jor.br\/news\/wp-json\/wp\/v2\/types\/post"}],"author":[{"embeddable":true,"href":"https:\/\/meiradarocha.jor.br\/news\/wp-json\/wp\/v2\/users\/2"}],"replies":[{"embeddable":true,"href":"https:\/\/meiradarocha.jor.br\/news\/wp-json\/wp\/v2\/comments?post=319"}],"version-history":[{"count":0,"href":"https:\/\/meiradarocha.jor.br\/news\/wp-json\/wp\/v2\/posts\/319\/revisions"}],"wp:attachment":[{"href":"https:\/\/meiradarocha.jor.br\/news\/wp-json\/wp\/v2\/media?parent=319"}],"wp:term":[{"taxonomy":"category","embeddable":true,"href":"https:\/\/meiradarocha.jor.br\/news\/wp-json\/wp\/v2\/categories?post=319"},{"taxonomy":"post_tag","embeddable":true,"href":"https:\/\/meiradarocha.jor.br\/news\/wp-json\/wp\/v2\/tags?post=319"}],"curies":[{"name":"wp","href":"https:\/\/api.w.org\/{rel}","templated":true}]}}