{"id":316,"date":"2008-05-25T18:06:03","date_gmt":"2008-05-25T21:06:03","guid":{"rendered":"http:\/\/meiradarocha.jor.br\/news\/?p=316"},"modified":"2009-03-15T15:58:05","modified_gmt":"2009-03-15T18:58:05","slug":"a-morte-do-second-life-na-educacao","status":"publish","type":"post","link":"https:\/\/meiradarocha.jor.br\/news\/2008\/05\/25\/a-morte-do-second-life-na-educacao\/","title":{"rendered":"A morte do Second Life e a educa\u00e7\u00e3o"},"content":{"rendered":"<p>Depois de ser t\u00e3o badalado a ponto de ganhar colunas em jornal (Zero Hora, Porto Alegre, Brasil), o <strong>Second Life<\/strong> est\u00e1 morrendo. Uma verdadeira <strong>bolha imobili\u00e1ria digital<\/strong>. Cada vez menos gente acessa os servidores da Linden pelo simples fato de que n\u00e3o h\u00e1 quase anda para se fazer l\u00e1. Muito se discutiu sobre o uso de SL no ensino-aprendizado. Exercito alguns pensamentos sobre o papel deste ambiente nesta \u00e1rea.<\/p>\n<p>Fa\u00e7o uma compara\u00e7\u00e3o entre ambientes tri-dimensionais (melhor seria dizer &#8220;<strong>ambientes de perspectiva animada<\/strong>&#8220;, j\u00e1 que 3D envolve estereoscopia. Apenas World Wind tem vis\u00e3o 3D).<!--more--><\/p>\n<p>O Second Life \u00e9 um ambiente que mostra um mundo &#8220;de mentira&#8221;, inventado. Neste aspecto, se aproxima mais da <strong>literatura<\/strong>. O Google Earth (e outros como NASA World Wind, Celestia, Leica Titan&#8230;) apresentam um mundo &#8220;de verdade&#8221;, dados da realidade s\u00f3cio-geogr\u00e1fica que nos cerca. Se aproximam mais do <strong>jornalismo<\/strong>, como &#8220;retrato da realidade&#8221;.<\/p>\n<p>A grande pergunta \u00e9: <strong>o que a representa\u00e7\u00e3o em perspectiva animada pode ajudar ajudar no processo de aprendizado?<\/strong> Em que tipos de atividade did\u00e1tica ela \u00e9 realmente necess\u00e1ria?<\/p>\n<p>Para aulas de arquitetura ou f\u00edsica, \u00e9 bem poss\u00edvel que SL seja uma interface de valor inestim\u00e1vel. J\u00e1 para disciplinas em que a representa\u00e7\u00e3o em perspectiva n\u00e3o tem import\u00e2ncia, vejo como um ambiente desnecess\u00e1rio.<\/p>\n<p>J\u00e1 os sistemas de informa\u00e7\u00f5es geogr\u00e1ficas como GE, vejo como absurdamente \u00fateis em Geografia, Hist\u00f3ria, Jornalismo, ci\u00eancias naturais. Por refletirem a realidade, s\u00e3o sistema muito mais \u00fateis ao aprendizado do que o Second Life. Embora n\u00e3o tivessem todo o hype que envolveu SL, t\u00eam destaque na imprensa e no ambiente escolar, e continuar\u00e3o tendo, porque s\u00e3o sistemas muito mais \u00fateis que uma segunda vida.<\/p>\n","protected":false},"excerpt":{"rendered":"<p>Depois de ser t\u00e3o badalado a ponto de ganhar colunas em jornal (Zero Hora, Porto Alegre, Brasil), o Second Life est\u00e1 morrendo. Uma verdadeira bolha imobili\u00e1ria digital. Cada vez menos [&hellip;]<\/p>\n","protected":false},"author":2,"featured_media":0,"comment_status":"open","ping_status":"open","sticky":false,"template":"","format":"standard","meta":{"footnotes":""},"categories":[3,5],"tags":[],"class_list":["post-316","post","type-post","status-publish","format-standard","hentry","category-educacao","category-midias-digitais"],"_links":{"self":[{"href":"https:\/\/meiradarocha.jor.br\/news\/wp-json\/wp\/v2\/posts\/316","targetHints":{"allow":["GET"]}}],"collection":[{"href":"https:\/\/meiradarocha.jor.br\/news\/wp-json\/wp\/v2\/posts"}],"about":[{"href":"https:\/\/meiradarocha.jor.br\/news\/wp-json\/wp\/v2\/types\/post"}],"author":[{"embeddable":true,"href":"https:\/\/meiradarocha.jor.br\/news\/wp-json\/wp\/v2\/users\/2"}],"replies":[{"embeddable":true,"href":"https:\/\/meiradarocha.jor.br\/news\/wp-json\/wp\/v2\/comments?post=316"}],"version-history":[{"count":0,"href":"https:\/\/meiradarocha.jor.br\/news\/wp-json\/wp\/v2\/posts\/316\/revisions"}],"wp:attachment":[{"href":"https:\/\/meiradarocha.jor.br\/news\/wp-json\/wp\/v2\/media?parent=316"}],"wp:term":[{"taxonomy":"category","embeddable":true,"href":"https:\/\/meiradarocha.jor.br\/news\/wp-json\/wp\/v2\/categories?post=316"},{"taxonomy":"post_tag","embeddable":true,"href":"https:\/\/meiradarocha.jor.br\/news\/wp-json\/wp\/v2\/tags?post=316"}],"curies":[{"name":"wp","href":"https:\/\/api.w.org\/{rel}","templated":true}]}}