{"id":292,"date":"2008-03-19T10:53:36","date_gmt":"2008-03-19T13:53:36","guid":{"rendered":"http:\/\/meiradarocha.jor.br\/news\/2008\/03\/19\/abta-justifica-venda-casada-de-canais-de-tv\/"},"modified":"2008-03-19T11:47:46","modified_gmt":"2008-03-19T14:47:46","slug":"abta-justifica-venda-casada-de-canais-de-tv","status":"publish","type":"post","link":"https:\/\/meiradarocha.jor.br\/news\/2008\/03\/19\/abta-justifica-venda-casada-de-canais-de-tv\/","title":{"rendered":"ABTA justifica venda casada de canais de TV"},"content":{"rendered":"<p>Um participante da <a href=\"http:\/\/groups.google.com\/group\/resposta42\/browse_frm\/thread\/45bb658f8162cf2\/7e400624dfa3cde5?hl=pt-BR&amp;lnk=gst&amp;q=abta#7e400624dfa3cde5\">lista de discuss\u00e3o Resposta 42<\/a> perguntou para a <strong>Associa\u00e7\u00e3o Brasileira de TV por Assintura<\/strong> (<strong>ABTA<\/strong>, uma associa\u00e7\u00e3o de <strong>empresas estrangeiras<\/strong>) , porque somos obrigados a assinar pacotes de canais, numa pr\u00e1tica proibida pelo C\u00f3digo de Defesa do Consumidor apelidada de &#8220;venda casada&#8221;. A resposta foi esta:<!--more--><\/p>\n<hr \/>\n<p><small>From: Marcia Valdujo &#8211; ABTA &lt;<a href=\"mailto:\/\/marcia@abta.org.br\/\">marcia@<span class=\"nfakPe\">abta<\/span>.org.br<\/a>&gt;<br \/>\nDate: 2008\/3\/13 <strong><br \/>\nSubject: Re: ABTA &#8211; Fale conosco <\/strong><\/small><\/p>\n<hr \/>\n<p>Prezado [&#8230;]<\/p>\n<p>Recebemos suas observa\u00e7\u00f5es sobre a impossibilidade de se adquirir apenas alguns canais em sua TV por Assinatura. Esta \u00e9 uma solicita\u00e7\u00e3o bastante comum e merece explica\u00e7\u00e3o. Os motivos que impedem a ado\u00e7\u00e3o de tal modelo s\u00e3o basicamente os seguintes:<\/p>\n<p>Os operadores de TV por Assinatura n\u00e3o s\u00e3o Produtores de Conte\u00fado. Os conte\u00fados (canais) s\u00e3o adquiridos de terceiros como, por exemplo, da FOX, Globosat, Turner, Discovery e Band. Cada Produtor de Conte\u00fado tem sua pr\u00f3pria tabela de pre\u00e7os, por\u00e9m todos t\u00eam em comum um mesmo crit\u00e9rio: o pre\u00e7o do canal cai na medida em que aumenta a base de assinantes daquele canal. Por isso, o operador de TV por Assinatura agrupa os canais em pacotes de forma a obter o menor pre\u00e7o poss\u00edvel para os v\u00e1rios canais. Em outras palavras, a eventual fragmenta\u00e7\u00e3o da base de assinantes elevaria os custos de cada canal em n\u00edveis proibitivos.<\/p>\n<p>Al\u00e9m disso, h\u00e1 uma limita\u00e7\u00e3o do sistema relacionada \u00e0 capacidade de processamento. Por exemplo, 120 canais agrupados em combina\u00e7\u00f5es de apenas 5 canais representariam quase 200 milh\u00f5es de combina\u00e7\u00f5es poss\u00edveis. Tal fato, al\u00e9m de requerer um sistema de controle car\u00edssimo, exigiria um set-top box (decodificador) com capacidade computacional que alcan\u00e7aria pre\u00e7os inacess\u00edveis para a maioria dos assinantes.<\/p>\n<p>Finalmente, \u00e9 importante registrar que esses mesmos crit\u00e9rios e conceitos s\u00e3o adotados para a TV por Assinatura em todo o mundo, pois essa \u00e9 a forma mais eficaz e econ\u00f4mica de tornar dispon\u00edvel a multiplicidade de canais alternativos que a TV paga oferece.<\/p>\n<p>Atenciosamente,<br \/>\nAlexandre Annenberg<br \/>\nPresidente-executivo da ABTA<\/p>\n","protected":false},"excerpt":{"rendered":"<p>Um participante da lista de discuss\u00e3o Resposta 42 perguntou para a Associa\u00e7\u00e3o Brasileira de TV por Assintura (ABTA, uma associa\u00e7\u00e3o de empresas estrangeiras) , porque somos obrigados a assinar pacotes [&hellip;]<\/p>\n","protected":false},"author":2,"featured_media":0,"comment_status":"open","ping_status":"open","sticky":false,"template":"","format":"standard","meta":{"footnotes":""},"categories":[17,18],"tags":[61],"class_list":["post-292","post","type-post","status-publish","format-standard","hentry","category-tv","category-video","tag-abta"],"_links":{"self":[{"href":"https:\/\/meiradarocha.jor.br\/news\/wp-json\/wp\/v2\/posts\/292","targetHints":{"allow":["GET"]}}],"collection":[{"href":"https:\/\/meiradarocha.jor.br\/news\/wp-json\/wp\/v2\/posts"}],"about":[{"href":"https:\/\/meiradarocha.jor.br\/news\/wp-json\/wp\/v2\/types\/post"}],"author":[{"embeddable":true,"href":"https:\/\/meiradarocha.jor.br\/news\/wp-json\/wp\/v2\/users\/2"}],"replies":[{"embeddable":true,"href":"https:\/\/meiradarocha.jor.br\/news\/wp-json\/wp\/v2\/comments?post=292"}],"version-history":[{"count":0,"href":"https:\/\/meiradarocha.jor.br\/news\/wp-json\/wp\/v2\/posts\/292\/revisions"}],"wp:attachment":[{"href":"https:\/\/meiradarocha.jor.br\/news\/wp-json\/wp\/v2\/media?parent=292"}],"wp:term":[{"taxonomy":"category","embeddable":true,"href":"https:\/\/meiradarocha.jor.br\/news\/wp-json\/wp\/v2\/categories?post=292"},{"taxonomy":"post_tag","embeddable":true,"href":"https:\/\/meiradarocha.jor.br\/news\/wp-json\/wp\/v2\/tags?post=292"}],"curies":[{"name":"wp","href":"https:\/\/api.w.org\/{rel}","templated":true}]}}