{"id":2809,"date":"2012-06-03T14:56:19","date_gmt":"2012-06-03T17:56:19","guid":{"rendered":"http:\/\/meiradarocha.jor.br\/news\/?p=2809"},"modified":"2013-09-17T20:03:46","modified_gmt":"2013-09-17T23:03:46","slug":"policia-federal-contrata-software-proprietario-sem-licitacao","status":"publish","type":"post","link":"https:\/\/meiradarocha.jor.br\/news\/2012\/06\/03\/policia-federal-contrata-software-proprietario-sem-licitacao\/","title":{"rendered":"Pol\u00edcia Federal contrata software propriet\u00e1rio sem licita\u00e7\u00e3o"},"content":{"rendered":"<p><a href=\"http:\/\/meiradarocha.jor.br\/news\/wp-content\/uploads\/2012\/06\/brasaopf.gif\"><img loading=\"lazy\" decoding=\"async\" class=\"alignright size-medium wp-image-2811\" title=\"brasaopf\" src=\"http:\/\/meiradarocha.jor.br\/news\/wp-content\/uploads\/2012\/06\/brasaopf-300x236.gif\" alt=\"\" width=\"300\" height=\"236\" \/><\/a><br \/>\nPol\u00edcia Federal substitui software livre e gratuito de banco de dados por software propriet\u00e1rio e caro, sem licita\u00e7\u00e3o, e fica dependente da Oracle, uma \u00fanica empresa estrangeira. A organiza\u00e7\u00e3o republicana que ajuda a combater o desperd\u00edcio do dinheiro p\u00fablico est\u00e1 <strong>agindo de maneira lesiva aos interesses do Brasil<\/strong>, juntamente com o Tribunal de Contas da Uni\u00e3o (TCU).<\/p>\n<h2>A Verdadeira defesa do Software Livre<\/h2>\n<div><em>2012 maio 30. Por Eduardo Santos<\/em><\/div>\n<p><a title=\"Carta ao TCU\" href=\"http:\/\/www.eduardosan.com\/wp-content\/uploads\/2012\/05\/Carta-ao-TCU-Outubro-2011.pdf\" target=\"_blank\">Carta ao TCU contestando a substitui\u00e7\u00e3o<\/a><\/p>\n<p><a title=\"Processo TCU x DPF\" href=\"http:\/\/www.eduardosan.com\/wp-content\/uploads\/2012\/05\/Processo-TCU-x-Interpol.pdf\" target=\"_blank\">Baixe aqui o ac\u00f3rd\u00e3o completo<\/a><\/p>\n<p>O assunto de hoje sai um pouco mais do est\u00f4mago e vai ser dif\u00edcil manter o auto-controle enquanto escrevo, mas um assunto de tamanha import\u00e2ncia n\u00e3o pode passar longe do blog. Sempre ouvi muita gente falando em nome do Software Livre ou simplesmente defendendo, mas quem teve coragem de chegar \u00e0s \u00faltimas consequ\u00eancias? Muitas vezes pensamos \u201cisso n\u00e3o pode estar certo, algu\u00e9m deveria fazer alguma coisa\u201d. Muito bem, dessa vez algu\u00e9m fez algo de concreto pela defesa do Software Livre e P\u00fablico. Pelos pr\u00f3ximos par\u00e1grafos vou detalhar um pouco o problema e apresentar a incr\u00edvel resposta dos \u00f3rg\u00e3os de controle. Pretendemos levar o caso adiante, acionando Casa Civil ou institui\u00e7\u00f5es superiores, e seria bom obter apoio para as pr\u00f3ximas etapas. J\u00e1 falei muitas vezes que devemos <a title=\"Egito, MinC e o poder das redes\" href=\"http:\/\/www.eduardosan.com\/2011\/02\/17\/egito-minc-e-o-poder-das-redes\/\" target=\"_blank\">deixar somente o ciberativismo de lado e arrega\u00e7ar as mangas<\/a>. Esse \u00e9 o momento.<\/p>\n<h2>O contexto<\/h2>\n<p>Para quem n\u00e3o sabe trabalhei durante alguns anos no Minist\u00e9rio do Planejamento sendo um dos desenvolvedores do <a title=\"Portal do Software P\u00fablico\" href=\"http:\/\/www.softwarepublico.gov.br\" target=\"_blank\">Portal do Software P\u00fablico<\/a>. Al\u00e9m de, \u00e9 claro, desenvolver o portal, realizei durante muito tempo um trabalho de divulga\u00e7\u00e3o da iniciativa viajando o pa\u00eds para realizar palestras e apresenta\u00e7\u00f5es. No ano de 2007 realizei uma apresenta\u00e7\u00e3o no SEBRAE com o tema \u201cCompras de software pelo Governo\u201d (<a title=\"Palestras\" href=\"http:\/\/www.eduardosan.com\/palestras\/\" target=\"_blank\">acesse a se\u00e7\u00e3o de palestras para baixar o material<\/a>) que tinha como principal objetivo apresentar o modelo de Software P\u00fablico aos empres\u00e1rios e dizer a eles como poderiam ganhar dinheiro com o Portal. No p\u00fablico estavam v\u00e1rios representantes do Mercado de software nacional e, obviamente, fui muito contestado.<\/p>\n<p>Os principais argumentos, muitos deles v\u00e1lidos, eram na linha de como o Software Livre n\u00e3o privilegiava o Mercado nacional. Afinal, as maiores empresas do ramo s\u00e3o americanas, e continuam dominando o mercado de servi\u00e7os at\u00e9 hoje. Quase n\u00e3o me deixaram falar, e entre uma tentativa e outra consegui finalizar minha apresenta\u00e7\u00e3o demonstrando as vantagens do novo modelo. Um dos empres\u00e1rios me procurou ap\u00f3s a palestra ainda contestando o que eu estava escrevendo, mas se disp\u00f4s a me procurar no MPOG e conversarmos mais detalhadamente pelo modelo. Algumas reuni\u00f5es depois, o <a title=\"Comunidade do Lightbase no SPB\" href=\"http:\/\/www.softwarepublico.gov.br\/ver-comunidade?community_id=3673574\" target=\"_blank\">Lightbase<\/a> seria liberado como Software Livre e P\u00fablico, sendo o primeiro caso no Brasil de ades\u00e3o ao modelo pela iniciativa privada.<\/p>\n<p>N\u00e3o imagin\u00e1vamos \u00e0 \u00e9poca a import\u00e2ncia do ato, mas algum tempo depois <a title=\"Audi\u00eancia no Senado Federal\" href=\"http:\/\/convergenciadigital.uol.com.br\/cgi\/cgilua.exe\/sys\/start.htm?from%5Finfo%5Findex=11&amp;infoid=30022&amp;query=simple&amp;search%5Fby%5Fauthorname=all&amp;search%5Fby%5Ffield=tax&amp;search%5Fby%5Fkeywords=any&amp;search%5Fby%5Fpriority=all&amp;search%5Fby%5Fsection=&amp;search%5Fby%5Fstate=all&amp;search%5Ftext%5Foptions=all&amp;sid=7&amp;text=software+p%FAblico\" target=\"_blank\">o Portal foi contestado em audi\u00eancia no Senado Federal<\/a> pelas \u201cassocia\u00e7\u00f5es\u201d de software nacional, que n\u00e3o me representam enquanto empres\u00e1rio do ramo. <a title=\"Audi\u00eancia sobre o e-cidade na assembl\u00e9ia de Minas\" href=\"http:\/\/www.g37.com.br\/index.asp?c=padrao&amp;modulo=conteudo&amp;url=3578\" target=\"_blank\">O e-cidade causa confus\u00e3o entre as empresas de software tradicional<\/a>, que n\u00e3o conseguem mais empurrar suas licen\u00e7as aos munic\u00edpios como sempre fizeram. Enfim, o ato causou a ades\u00e3o do setor privado, e os empres\u00e1rios do modelo tradicional ficaram perdidos.<\/p>\n<p>Hoje trabalho com o Jairo na empresa Lightbase Consultoria. Acho importante citar que cheguei at\u00e9 aqui porque depois de cinco anos de Portal <a title=\"Not\u00edcia sobre o edital da Lightbase\" href=\"http:\/\/itweb.com.br\/blogs\/e-decola-a-primeira-contratacao-de-software-publico-no-governo-federal\/\" target=\"_blank\">saiu a primeira contrata\u00e7\u00e3o de um Software P\u00fablico pelo Governo Federal<\/a>, e n\u00e3o podia deixar de fazer parte desse projeto.<\/p>\n<h2>O problema<\/h2>\n<p>Sempre acreditei e defendi que o Software Livre \u00e9 o melhor modelo para todos os envolvidos. Al\u00e9m disso, acredito ser economicamente vi\u00e1vel manter uma empresa que trabalha exclusivamente com Software Livre e P\u00fablico, <a title=\"Admir\u00e1vel Mundo Novo\" href=\"http:\/\/www.eduardosan.com\/2010\/09\/20\/admiravel-mundo-novo\/\" target=\"_blank\">como j\u00e1 defendi aqui em discuss\u00e3o com um funcion\u00e1rio da Microsoft<\/a>. Curiosamente a empresa sempre est\u00e1 presente em todos os lugares onde falamos sobre Software P\u00fablico, mas isso \u00e9 um post para outra ocasi\u00e3o. Pois bem, a empresa Lightbase desenvolveu um sistema para a Pol\u00edcia Federal, que n\u00e3o vem ao caso no momento. Depois de muitos anos de servi\u00e7os prestados, fomos informados que o banco de dados Lightbase seria removido por causa da padroniza\u00e7\u00e3o do Oracle pela Coordena\u00e7\u00e3o de TI. O objetivo \u00e9 migrar todos os sistemas que hoje operam no Lightbase para Oracle e remover a empresa de l\u00e1.<\/p>\n<p>Sem questionar o software propriamente dito ou entrar em detalhes t\u00e9cnicos, ap\u00f3s muitas reuni\u00f5es e tentativas de explicar aos respons\u00e1veis a import\u00e2ncia do software nacional e livre fomos informados de que a migra\u00e7\u00e3o seria realmente feita. Uma pequena empresa nacional seria substitu\u00edda por uma multinacional estrangeira, cujo valor da licen\u00e7a de utiliza\u00e7\u00e3o \u00e9 muitas vezes superior ao contrato entre a PF e a empresa Lightbase. Sem contar o custo de desenvolvimento de uma nova aplica\u00e7\u00e3o e migra\u00e7\u00e3o dos dados.<\/p>\n<p>Apesar de j\u00e1 ter ouvido a mesma hist\u00f3ria muitas vezes, acredit\u00e1vamos que com as mudan\u00e7as na legisla\u00e7\u00e3o t\u00ednhamos embasamento para questionar o Tribunal de Contas sobre a legalidade do ato da Pol\u00edcia Federal. Redigimos ent\u00e3o uma <a title=\"Carta contestando a contrata\u00e7\u00e3o\" href=\"http:\/\/www.eduardosan.com\/wp-content\/uploads\/2012\/05\/Carta-ao-TCU-Outubro-2011.pdf\" target=\"_blank\">carta ao Tribunal de Contas da Uni\u00e3o questionando a contrata\u00e7\u00e3o<\/a> com base em algumas premissas:<\/p>\n<ol>\n<li>N\u00e3o foi dada prefer\u00eancia \u00e0 tecnologia nacional com vantagem competitiva de 25% do valor, conforme a Lei 12.349\/2010;<\/li>\n<li>N\u00e3o foi realizada licita\u00e7\u00e3o para escolha do banco de dados Oracle. Ou seja, o mesmo foi contratado com INEXIGIBILIDADE de licita\u00e7\u00e3o;<\/li>\n<li>A migra\u00e7\u00e3o dos sistemas da Pol\u00edcia Federal para a plataforma Oracle seria antiecon\u00f4mica, pois o software atual ATENDE AS NECESSIDADE DO CLIENTE \u00a0e N\u00c3O POSSUI CUSTOS DE LICENCIAMENTO, por ser livre;<\/li>\n<li>A op\u00e7\u00e3o pela plataforma Oracle viola o artigo 10 da IN 04\/2010 da SLTI\/MP, onde deve ser dada prefer\u00eancia a Softwares P\u00fablicos e livres.<\/li>\n<\/ol>\n<p>Pois bem. As premissas parecem fazer sentido? Observe a resposta do TCU.<\/p>\n<h2>A resposta do TCU<\/h2>\n<p>Como muitas pessoas v\u00e3o querer ler por inteiro o conte\u00fado, <a title=\"Processo no TCU\" href=\"http:\/\/www.eduardosan.com\/wp-content\/uploads\/2012\/05\/Processo-TCU-x-Interpol.pdf\" target=\"_blank\">segue em anexo o ac\u00f3rd\u00e3o do TCU<\/a>. O processo cont\u00e9m o detalhamento de todas as nuances do acordo, ent\u00e3o vou me ater somente aos itens retirados de l\u00e1 que s\u00e3o resposta direta aos questionamentos que fizemos.<\/p>\n<p>1 \u2013 A migra\u00e7\u00e3o dos sistemas da Pol\u00edcia Federal seria antiecon\u00f4mica<\/p>\n<p>Veja a resposta:<\/p>\n<blockquote><p>31. Conforme informa\u00e7\u00f5es constantes no Despacho (\u2026), a plataforma Oracle vem sendo utilizada h\u00e1, aproximadamente, 10 anos pelo DPF, n\u00e3o sendo, portanto, \u201cnova\u00a0tecnologia em detrimento de outra\u201d.<\/p>\n<p>(\u2026)<\/p>\n<p>35. Nesse contexto argumentou o Chefe do Servi\u00e7o de Desenvolvimento de Sistemas da CTI\/DPF que \u201cn\u00e3o se mostrou razo\u00e1vel que esta CGTI [CTI] mantivesse em uso tecnologias que acarretem maior dificuldade de manuten\u00e7\u00e3o e de sele\u00e7\u00e3o de fornecedores\u201d (pe\u00e7a 14, p. 8), raz\u00e3o pela qual se optou por desenvolvimento de um novo sistema em plataforma Oracle \u201cintegrado \u00e0s fontes de dados corporativas, eliminando redund\u00e2ncias e incrementando a Governan\u00e7a nesta CGTI\u201d. (\u2026)<\/p>\n<p>36. Considerando que entre as medidas dirigidas ao DPF por for\u00e7a do Ac\u00f3rd\u00e3o (\u2026) encontraram-se determina\u00e7\u00f5es para que o departamento diminu\u00edsse seu n\u00edvel de depend\u00eancia de pessoas chaves ou de empresas espec\u00edficas para a manuten\u00e7\u00e3o dos sistemas (\u2026) mostra-se, portanto, coerente com as orienta\u00e7\u00f5es do TCU (\u2026)<\/p><\/blockquote>\n<p>Considerando o que disse o TCU, podemos extrair duas coisas:<\/p>\n<ul>\n<li>N\u00e3o h\u00e1 vantagem em utilizar Software Livre porque o Mercado todo conhece tecnologias propriet\u00e1rias. Obrigado universidades e escolas brasileiras (ironia).<\/li>\n<li>Utilizar Oracle reduz o n\u00edvel de depend\u00eancia em rela\u00e7\u00e3o a uma empresa. Faz sentido? Deve fazer, porque depender da Oracle certamente \u00e9 melhor que depender de uma pequena empresa brasileira. Quem n\u00e3o prefere um produto importado?<\/li>\n<\/ul>\n<p>2 \u2013 N\u00e3o foi realizada licita\u00e7\u00e3o<\/p>\n<p>A resposta:<\/p>\n<blockquote><p>41. (\u2026) o desenvolvimento do (\u2026) \u00a0encontra-se no bojo de contrato de presta\u00e7\u00e3o de servi\u00e7os de tecnologia da informa\u00e7\u00e3o mantido entre o DPF e a (\u2026), n\u00e3o havendo, portanto, ilegalidade em serem inclu\u00eddas novas demandas pelo Departamento nesse ajuste, que foi antecedido de licita\u00e7\u00e3o (\u2026).<\/p><\/blockquote>\n<p>Para os \u00f3rg\u00e3os p\u00fablicos \u00e9 mais f\u00e1cil manter um contrato com uma grande prestadora de servi\u00e7os em uma \u00fanica tecnologia e fazer todo o desenvolvimento com a mesma tecnologia. \u00c9 a tal padroniza\u00e7\u00e3o tecnol\u00f3gica. Podemos discutir a quest\u00e3o dos \u201ccontratos guarda-chuva\u201d em outro momento. Contudo, vale o questionamento: qual \u00e9 a diferen\u00e7a entre um contrato desse tipo e a famosa terceiriza\u00e7\u00e3o por postos de trabalho?<\/p>\n<p>3 e 4 \u2013 N\u00e3o foi observada a IN 04\/2010 da SLTI\/MP e a Lei\u00a012.349\/2010<\/p>\n<p>Essas s\u00e3o as respostas que me deixam mais triste:<\/p>\n<blockquote><p>50. Entende-se que n\u00e3o h\u00e1 obrigatoriedade de ado\u00e7\u00e3o de sistemas de TI produzidos no Brasil (nacionais) e em software livre (\u2026)<\/p>\n<p>51. As margens de prefer\u00eancia s\u00e3o, na verdade, incentivos\u00a0para a contrata\u00e7\u00e3o de solu\u00e7\u00f5es nacionais e, como o pr\u00f3prio nome diz, n\u00e3o implicam a obrigatoriedade de que sejam inseridas, pelos \u00f3rg\u00e3os p\u00fablicos, disposi\u00e7\u00f5es \u00a0em editais de licita\u00e7\u00e3o \u00a0que obriguem o \u00f3rg\u00e3o ou quem patrocina a licita\u00e7\u00e3o \u00a0a contratar solu\u00e7\u00f5es apenas produzidas no Brasil.<\/p>\n<p>(\u2026)<\/p>\n<p>53. Embora a utiliza\u00e7\u00e3o de softwares livres seja uma op\u00e7\u00e3o governamental (\u2026) n\u00e3o h\u00e1 lei que disponha acerca da contrata\u00e7\u00e3o obrigat\u00f3ria\u00a0de sistemas produzidos com c\u00f3digo aberto.<\/p><\/blockquote>\n<p>Reflitamos por um momento: para que servem as pol\u00edticas de Governo? Se o pr\u00f3prio governo n\u00e3o segue suas orienta\u00e7\u00f5es, quem dever\u00e1 seguir? O mais interessante \u00e9 que se afirma categoricamente a n\u00e3o obrigatoriedade. Ora, n\u00e3o somos obrigados a seguir as leis, ou pior, quem escreve a lei n\u00e3o \u00e9 obrigado a segui-la? Para n\u00e3o deixar questionamento, um artif\u00edcio jur\u00eddico \u00e9 utilizado mais abaixo:<\/p>\n<blockquote><p>54. Considerando que o contrato (\u2026) foi firmado com base em edital de licita\u00e7\u00e3o lan\u00e7ado em 2009 (\u2026), n\u00e3o h\u00e1 que se falar em normas editadas em momento posterior. (\u2026)<\/p><\/blockquote>\n<p>Justifiquemos o injustific\u00e1vel pelo \u00fanico caminho poss\u00edvel: a data. Contudo, vale lembrar que existe uma Instru\u00e7\u00e3o Normativa Anterior, <a title=\"IN 04\/2008 SLTI\/MPOG\" href=\"http:\/\/www.comprasnet.gov.br\/legislacao\/in\/in04_08.htm\" target=\"_blank\">a IN 04\/2008<\/a> que, dentre outras coisas, cita:<\/p>\n<blockquote><p>Art. 5\u00ba N\u00e3o poder\u00e3o ser objeto de contrata\u00e7\u00e3o:<\/p>\n<p>I \u2013 todo o conjunto dos servi\u00e7os de Tecnologia da Informa\u00e7\u00e3o de um \u00f3rg\u00e3o ou uma entidade em um \u00fanico contrato;<\/p>\n<p>II \u2013 mais de uma Solu\u00e7\u00e3o de Tecnologia da Informa\u00e7\u00e3o em um \u00fanico contrato; e<\/p>\n<p>III \u2013 gest\u00e3o de processos de Tecnologia da Informa\u00e7\u00e3o, incluindo gest\u00e3o de seguran\u00e7a da informa\u00e7\u00e3o.<\/p><\/blockquote>\n<p>Essa IN simplesmente torna ilegal o contrato, uma vez que a f\u00e1brica de software est\u00e1 sendo utilizada para desenvolver um software para o qual ela n\u00e3o foi contratada. Na mesma IN est\u00e1 escrito que ainda na fase de planejamento da contrata\u00e7\u00e3o deve ser observado:<\/p>\n<blockquote><p>Art. 9\u00ba A fase de Planejamento da Contrata\u00e7\u00e3o consiste nas seguintes etapas:<\/p>\n<p>(\u2026)<\/p>\n<p>IV \u2013 identifica\u00e7\u00e3o por parte da \u00c1rea de Tecnologia da Informa\u00e7\u00e3o, com participa\u00e7\u00e3o do Requisitante do Servi\u00e7o, das diferentes solu\u00e7\u00f5es que atendam \u00e0s necessidades, considerando:<\/p>\n<p>a) disponibilidade de solu\u00e7\u00e3o similar em outro \u00f3rg\u00e3o ou entidade da Administra\u00e7\u00e3o P\u00fablica Federal;<\/p>\n<p>b) solu\u00e7\u00f5es existentes no Portal do Software P\u00fablico Brasileiro (http:\/\/www.softwarepublico.gov.br);<\/p>\n<p>c) capacidade e alternativas do mercado, inclusive a exist\u00eancia de software livre ou software p\u00fablico;<\/p><\/blockquote>\n<p>O Software Livre e P\u00fablico \u00e9 citado mais uma vez. Agora eu pergunto: o Governo \u00e9 obrigado a seguir uma norma imposta por ele mesmo? Considerando que a DPF \u00e9 um \u00f3rg\u00e3o vinculado ao Minist\u00e9rio da Justi\u00e7a, cabe sim a obedi\u00eancia \u00e0s diretrizes estabelecidas pelo <a title=\"Quais os \u00f3rg\u00e3os integrantes do SISP?\" href=\"http:\/\/www.governoeletronico.gov.br\/sisp-conteudo\/orgaos-integrantes-do-sisp\" target=\"_blank\">\u00f3rg\u00e3o central do SISP<\/a>. Como pode uma institui\u00e7\u00e3o desobedecer a regra com o aval do pr\u00f3prio TCU?<\/p>\n<h2>Conclus\u00e3o<\/h2>\n<p>Sei que o post \u00e9 longo e parab\u00e9ns se leu tudo at\u00e9 aqui. O ponto aqui n\u00e3o \u00e9 questionar o valor da contrata\u00e7\u00e3o, as tecnologias utilizadas ou a \u201cbeleza\u201d desse ou daquele software, mas sim a simples substitui\u00e7\u00e3o de uma empresa nacional que trabalha com software livre por outra estrangeira que s\u00f3 vende software propriet\u00e1rio. Me lembro de quando disse ao Jairo que liberar o c\u00f3digo poderia ser o caminho, mas em momentos como esse me questiono se realmente vale a pena.<\/p>\n<p>Essa luta n\u00e3o vai acabar aqui. Continuaremos buscando todos os recursos cab\u00edveis. N\u00e3o se trata de um grande contrato, mas chegou o momento de n\u00e3o mais assistir impass\u00edvel quando absurdos do tipo acontecem. Fica a dica: se presenciar o mesmo em sua cidade, seu estado, enfim, em qualquer institui\u00e7\u00e3o p\u00fablica, denuncie. Dessa vez o TCU ficou do lado do Governo, mas se continuarmos fazendo barulho o injustific\u00e1vel ficar\u00e1 cada vez mais dif\u00edcil de esconder.<\/p>\n<p>Fique \u00e0 vontade para fazer suas perguntas ou simplesmente compartilhar a experi\u00eancia na \u00e1rea de coment\u00e1rios.<\/p>\n<p><a title=\"Carta ao TCU\" href=\"http:\/\/www.eduardosan.com\/wp-content\/uploads\/2012\/05\/Carta-ao-TCU-Outubro-2011.pdf\" target=\"_blank\">Carta ao TCU contestando a substitui\u00e7\u00e3o<\/a><\/p>\n<p><a title=\"Processo TCU x DPF\" href=\"http:\/\/www.eduardosan.com\/wp-content\/uploads\/2012\/05\/Processo-TCU-x-Interpol.pdf\" target=\"_blank\">Baixe aqui o ac\u00f3rd\u00e3o completo<\/a><\/p>\n<p>Fonte: <a href=\"http:\/\/www.eduardosan.com\/2012\/05\/30\/a-verdadeira-defesa-do-software-livre\/\">http:\/\/www.eduardosan.com\/2012\/05\/30\/a-verdadeira-defesa-do-software-livre\/<\/a><\/p>\n","protected":false},"excerpt":{"rendered":"<p>Pol\u00edcia Federal substitui software livre e gratuito de banco de dados por software propriet\u00e1rio e caro, sem licita\u00e7\u00e3o, e fica dependente da Oracle, uma \u00fanica empresa estrangeira. A organiza\u00e7\u00e3o republicana [&hellip;]<\/p>\n","protected":false},"author":2,"featured_media":0,"comment_status":"open","ping_status":"open","sticky":false,"template":"","format":"standard","meta":{"footnotes":""},"categories":[48],"tags":[],"class_list":["post-2809","post","type-post","status-publish","format-standard","hentry","category-politica"],"_links":{"self":[{"href":"https:\/\/meiradarocha.jor.br\/news\/wp-json\/wp\/v2\/posts\/2809","targetHints":{"allow":["GET"]}}],"collection":[{"href":"https:\/\/meiradarocha.jor.br\/news\/wp-json\/wp\/v2\/posts"}],"about":[{"href":"https:\/\/meiradarocha.jor.br\/news\/wp-json\/wp\/v2\/types\/post"}],"author":[{"embeddable":true,"href":"https:\/\/meiradarocha.jor.br\/news\/wp-json\/wp\/v2\/users\/2"}],"replies":[{"embeddable":true,"href":"https:\/\/meiradarocha.jor.br\/news\/wp-json\/wp\/v2\/comments?post=2809"}],"version-history":[{"count":0,"href":"https:\/\/meiradarocha.jor.br\/news\/wp-json\/wp\/v2\/posts\/2809\/revisions"}],"wp:attachment":[{"href":"https:\/\/meiradarocha.jor.br\/news\/wp-json\/wp\/v2\/media?parent=2809"}],"wp:term":[{"taxonomy":"category","embeddable":true,"href":"https:\/\/meiradarocha.jor.br\/news\/wp-json\/wp\/v2\/categories?post=2809"},{"taxonomy":"post_tag","embeddable":true,"href":"https:\/\/meiradarocha.jor.br\/news\/wp-json\/wp\/v2\/tags?post=2809"}],"curies":[{"name":"wp","href":"https:\/\/api.w.org\/{rel}","templated":true}]}}