{"id":2799,"date":"2012-05-31T10:27:53","date_gmt":"2012-05-31T13:27:53","guid":{"rendered":"http:\/\/meiradarocha.jor.br\/news\/?p=2799"},"modified":"2012-05-31T12:00:02","modified_gmt":"2012-05-31T15:00:02","slug":"passo-a-passo-planejamento-grafico-editorial","status":"publish","type":"post","link":"https:\/\/meiradarocha.jor.br\/news\/2012\/05\/31\/passo-a-passo-planejamento-grafico-editorial\/","title":{"rendered":"Planejamento Gr\u00e1fico Editorial passo a passo"},"content":{"rendered":"<p><em><a href=\"http:\/\/meiradarocha.jor.br\/news\/wp-content\/uploads\/2012\/05\/sao-paulo-em-cena.jpg\"><img loading=\"lazy\" decoding=\"async\" class=\"alignright size-medium wp-image-2803\" title=\"sao-paulo-em-cena\" src=\"http:\/\/meiradarocha.jor.br\/news\/wp-content\/uploads\/2012\/05\/sao-paulo-em-cena-300x207.jpg\" alt=\"\" width=\"300\" height=\"207\" \/><\/a>Prof. Eug\u00eanio Furtado<\/em><\/p>\n<p><span style=\"font-size: xx-small;\">Quarta-feira, 30 de maio de 2012<\/span><\/p>\n<p>Conforme solicitado em sala de aula, posto aqui um passo a passo simplificado sobre como fazer um planejamento gr\u00e1fico de um produto editorial qualquer.<br \/>\nEste material n\u00e3o tem a pretens\u00e3o de ser uma &#8220;receita&#8221; de como fazer um Projeto Gr\u00e1fico Editorial, mas pode dar algumas dicas para organizar as ideias.<\/p>\n<ol>\n<li><strong>Aquisi\u00e7\u00e3o de Repert\u00f3rio<\/strong> -&gt; busca de informa\u00e7\u00f5es e refer\u00eancias visuais que possam auxiliar\/inspirar a criar o projeto gr\u00e1fico<\/li>\n<li><strong>Verifica\u00e7\u00e3o de Recomenda\u00e7\u00f5es<\/strong>-&gt; O que \u00e9 preciso que o projeto contemple? O que n\u00e3o pode faltar? Quais s\u00e3o as diretrizes visuais sugeridas pelo cliente?<\/li>\n<li><strong>Verifica\u00e7\u00e3o de Restri\u00e7\u00f5es<\/strong>\u00a0-&gt; Defini\u00e7\u00e3o de todos os recursos dispon\u00edveis para a confec\u00e7\u00e3o do projeto e sua efetiva publica\u00e7\u00e3o, os quais limitaram o projeto. Identifica\u00e7\u00e3o das proibi\u00e7\u00f5es recomendadas pelo cliente<\/li>\n<li><strong>Defini\u00e7\u00e3o do Formato<\/strong>\u00a0-&gt;Tamanho do papel, margens, colunagens, defesas etc)<\/li>\n<li><strong>Montagem dos bonecos dos diversos modelos de p\u00e1ginas poss\u00edveis da publica\u00e7\u00e3o a ser criada <\/strong>(Esse boneco auxiliar\u00e1 na visualiza\u00e7\u00e3o dos espa\u00e7os de grafismo e contragrafismos existente na publica\u00e7\u00e3o bem como facilitar\u00e1 a hierarquiza\u00e7\u00e3o visual das mat\u00e9rias)<\/li>\n<li><strong>Defini\u00e7\u00e3o de TODOS os estilos de texto a serem utilizados na publica\u00e7\u00e3o<\/strong>\u00a0(Pode-se criar uma tabela de estilos para facilitar o controle&#8230; o Milton Ribeiro usa uma dessas no seu replanejamento do Correio Brasiliense &#8211; Planejamento Visual Gr\u00e1fico &#8211; material dispon\u00edvel com Rog\u00e9rio Blc B)<\/li>\n<li><strong>Defini\u00e7\u00e3o de como ser\u00e3o tratadas as imagens <\/strong>-&gt; Defini\u00e7\u00e3o de como ser\u00e1 o padr\u00e3o de apresenta\u00e7\u00e3o das imagens, como vir\u00e3o os elementos auxiliares da imagem: legenda, cr\u00e9ditos, filetes, margens, contornos. Que tipo e em que ocasi\u00e3o se pode interferir na imagem (recortes, modifica\u00e7\u00f5es etc)<\/li>\n<li><strong>Defini\u00e7\u00e3o dos grafismos (elementos de estilo gr\u00e1fico) que compor\u00e3o a p\u00e1gina<\/strong>\u00a0-&gt; Linhas, faixas, divis\u00f3rias, contornos etc<\/li>\n<\/ol>\n<div>A partir daqui j\u00e1 se pode montar o Projeto Gr\u00e1fico, que deve ser considerado como um manual de instru\u00e7\u00f5es para diagrama\u00e7\u00e3o do produto planejado.<\/div>\n<div>\n<ol>\n<li><strong>Capa (do projeto) <\/strong>(diferente da capa da publica\u00e7\u00e3o)<\/li>\n<li><strong>Diretrizes do produto<\/strong><\/li>\n<li><strong>Formato (com esquema e cotas)<\/strong><\/li>\n<li><strong>Capa\/1a. p\u00e1gina<\/strong>\u00a0-&gt; Especifica\u00e7\u00e3o dos elementos que compor\u00e3o a capa, com exemplos. (pode ser criada uma capa ilustrativa)<\/li>\n<li><strong>P\u00e1ginas do Miolo <\/strong>-&gt; Especifica\u00e7\u00e3o dos elementos que compor\u00e3o cada modelo de p\u00e1gina do miolo. Especifique-se inclusive os textos e larguras utilizados.\u00a0 Com exemplos.<\/li>\n<li><strong>Anexo<\/strong>\u00a0-&gt; Pode-se colocar como anexo um exemplar diagramado da publica\u00e7\u00e3o para que o diagramador tenha uma vis\u00e3o completa do produto criado.<\/li>\n<\/ol>\n<div>Bem, eu acho que j\u00e1 d\u00e1 para fazer um bocado de coisa.<\/div>\n<\/div>\n<div><a href=\"http:\/\/stoa.usp.br\/pitsche\/files\/-1\/832\/projeto+grafico.pdf\" target=\"_blank\">O projeto gr\u00e1fico da Revista S\u00e3o Paulo em Cena<\/a>, de Rafael P. Pinheiro, d\u00e1 um bom exemplo de um projeto gr\u00e1fico. Eu, entretanto, sugeriria um projeto mais did\u00e1tico, amarrando todas as decis\u00f5es competitivas para que outros diagramadores n\u00e3o &#8220;inventem&#8221; sobre o projeto criado pelo designer.<\/div>\n<hr \/>\n<p>Fonte: Material dispon\u00edvel no excelente site do professor Eug\u00eanio Furtado: <a href=\"http:\/\/eugeniofurtado.blogspot.com.br\/2012\/05\/passo-passo-planejamento-grafico.html\">http:\/\/eugeniofurtado.blogspot.com.br\/2012\/05\/passo-passo-planejamento-grafico.html<\/a><\/p>\n","protected":false},"excerpt":{"rendered":"<p>Prof. Eug\u00eanio Furtado Quarta-feira, 30 de maio de 2012 Conforme solicitado em sala de aula, posto aqui um passo a passo simplificado sobre como fazer um planejamento gr\u00e1fico de um [&hellip;]<\/p>\n","protected":false},"author":2,"featured_media":0,"comment_status":"open","ping_status":"open","sticky":false,"template":"","format":"standard","meta":{"footnotes":""},"categories":[24,25,15],"tags":[],"class_list":["post-2799","post","type-post","status-publish","format-standard","hentry","category-design-grafico","category-diagramacao","category-editoracao"],"_links":{"self":[{"href":"https:\/\/meiradarocha.jor.br\/news\/wp-json\/wp\/v2\/posts\/2799","targetHints":{"allow":["GET"]}}],"collection":[{"href":"https:\/\/meiradarocha.jor.br\/news\/wp-json\/wp\/v2\/posts"}],"about":[{"href":"https:\/\/meiradarocha.jor.br\/news\/wp-json\/wp\/v2\/types\/post"}],"author":[{"embeddable":true,"href":"https:\/\/meiradarocha.jor.br\/news\/wp-json\/wp\/v2\/users\/2"}],"replies":[{"embeddable":true,"href":"https:\/\/meiradarocha.jor.br\/news\/wp-json\/wp\/v2\/comments?post=2799"}],"version-history":[{"count":0,"href":"https:\/\/meiradarocha.jor.br\/news\/wp-json\/wp\/v2\/posts\/2799\/revisions"}],"wp:attachment":[{"href":"https:\/\/meiradarocha.jor.br\/news\/wp-json\/wp\/v2\/media?parent=2799"}],"wp:term":[{"taxonomy":"category","embeddable":true,"href":"https:\/\/meiradarocha.jor.br\/news\/wp-json\/wp\/v2\/categories?post=2799"},{"taxonomy":"post_tag","embeddable":true,"href":"https:\/\/meiradarocha.jor.br\/news\/wp-json\/wp\/v2\/tags?post=2799"}],"curies":[{"name":"wp","href":"https:\/\/api.w.org\/{rel}","templated":true}]}}