{"id":260,"date":"2007-10-30T11:58:20","date_gmt":"2007-10-30T14:58:20","guid":{"rendered":"http:\/\/meiradarocha.jor.br\/news\/2007\/10\/30\/ig-lanca-manual-de-redacao\/"},"modified":"2007-10-30T12:29:02","modified_gmt":"2007-10-30T15:29:02","slug":"ig-lanca-manual-de-redacao","status":"publish","type":"post","link":"https:\/\/meiradarocha.jor.br\/news\/2007\/10\/30\/ig-lanca-manual-de-redacao\/","title":{"rendered":"iG lan\u00e7a manual de reda\u00e7\u00e3o"},"content":{"rendered":"<p>O site iG est\u00e1 lan\u00e7ando o manual de reda\u00e7\u00e3o do seu \u00daltimo Segundo. \u00c9 uma boa leitura para quem trabalha com jornalismo online. N\u00e3o \u00e9 um material para ser seguido \u00e0 risca, porque algumas das normas s\u00e3o espec\u00edficas do site. Mas toda reda\u00e7\u00e3o precisa de um manual para padronizar texto e pr\u00e1ticas jornal\u00edsticas como diagrama\u00e7\u00e3o, layout etc. Dica da Ana Brambilla.<br \/>\n<a href=\"http:\/\/ultimosegundo.ig.com.br\/mundo_virtual\/2007\/08\/31\/manual_de_redacao_do_ultimo_segundo_985580.html\">Baixe o manual do \u00daltimo Segundo em PDF<\/a>.<\/p>\n<p class=\"poweredbyperformancing\">Powered by <a href=\"http:\/\/scribefire.com\/\">ScribeFire<\/a>.<\/p>\n","protected":false},"excerpt":{"rendered":"<p>O site iG est\u00e1 lan\u00e7ando o manual de reda\u00e7\u00e3o do seu \u00daltimo Segundo. \u00c9 uma boa leitura para quem trabalha com jornalismo online. N\u00e3o \u00e9 um material para ser seguido [&hellip;]<\/p>\n","protected":false},"author":2,"featured_media":0,"comment_status":"open","ping_status":"open","sticky":false,"template":"","format":"standard","meta":{"footnotes":""},"categories":[7],"tags":[],"class_list":["post-260","post","type-post","status-publish","format-standard","hentry","category-jornalismo-online"],"_links":{"self":[{"href":"https:\/\/meiradarocha.jor.br\/news\/wp-json\/wp\/v2\/posts\/260","targetHints":{"allow":["GET"]}}],"collection":[{"href":"https:\/\/meiradarocha.jor.br\/news\/wp-json\/wp\/v2\/posts"}],"about":[{"href":"https:\/\/meiradarocha.jor.br\/news\/wp-json\/wp\/v2\/types\/post"}],"author":[{"embeddable":true,"href":"https:\/\/meiradarocha.jor.br\/news\/wp-json\/wp\/v2\/users\/2"}],"replies":[{"embeddable":true,"href":"https:\/\/meiradarocha.jor.br\/news\/wp-json\/wp\/v2\/comments?post=260"}],"version-history":[{"count":0,"href":"https:\/\/meiradarocha.jor.br\/news\/wp-json\/wp\/v2\/posts\/260\/revisions"}],"wp:attachment":[{"href":"https:\/\/meiradarocha.jor.br\/news\/wp-json\/wp\/v2\/media?parent=260"}],"wp:term":[{"taxonomy":"category","embeddable":true,"href":"https:\/\/meiradarocha.jor.br\/news\/wp-json\/wp\/v2\/categories?post=260"},{"taxonomy":"post_tag","embeddable":true,"href":"https:\/\/meiradarocha.jor.br\/news\/wp-json\/wp\/v2\/tags?post=260"}],"curies":[{"name":"wp","href":"https:\/\/api.w.org\/{rel}","templated":true}]}}