{"id":252,"date":"2007-10-11T17:45:17","date_gmt":"2007-10-11T20:45:17","guid":{"rendered":"http:\/\/meiradarocha.jor.br\/news\/2007\/10\/11\/mando-convites-do-facebook-ou-nao-mando\/"},"modified":"2007-10-11T18:01:53","modified_gmt":"2007-10-11T21:01:53","slug":"mando-convites-do-facebook-ou-nao-mando","status":"publish","type":"post","link":"https:\/\/meiradarocha.jor.br\/news\/2007\/10\/11\/mando-convites-do-facebook-ou-nao-mando\/","title":{"rendered":"Mando convites do facebook? Ou n\u00e3o mando?"},"content":{"rendered":"<p>Participo de uma <em>social network<\/em> (popular &#8220;<strong>comunidade<\/strong>&#8220;) ou n\u00e3o? De tanto receber convites <strong>facebook<\/strong>, resolvi entrar. \u00c9 que recebi convites de gente que s\u00e3o esp\u00e9cies de gurus pra mim, como <a href=\"http:\/\/www.facebook.com\/profile.php?id=518551498\"><strong>Charles Pilger<\/strong><\/a>, <a href=\"http:\/\/www.facebook.com\/profile.php?id=659387554&amp;highlight\"><strong>Suely Fragoso<\/strong><\/a>, <a href=\"http:\/\/www.facebook.com\/profile.php?id=641200498&amp;highlight\"><strong>Cris Dias<\/strong><\/a>, <strong><a href=\"http:\/\/www.facebook.com\/profile.php?id=602262881\">Peter Knight<\/a><\/strong>, <strong><a href=\"http:\/\/www.facebook.com\/profile.php?id=504528944\">Rodrigo Mesquita<\/a><\/strong>, <strong><a href=\"http:\/\/www.facebook.com\/group.php?gid=18621258088&amp;ref=mf\">Jornalistas da Web<\/a><\/strong>&#8230;<\/p>\n<p>E na hora de cadastrar, ele pede a senha do Gmail (o que eu acho um furo de seguran\u00e7a) e acessa a minha lista de contatos do Gmail. A\u00ed posso escolher mandar convites pra mais de 2 mil e 200 pessoas e entidades de minha lista.<\/p>\n<p>Fa\u00e7o isto ou n\u00e3o?<!--more--> Pensei que mandar esse convite poderia incomodar as pessoas, e que poderia ser uma esp\u00e9cie de spam. Eu, spammer! Minhas deusas! Isso n\u00e3o!<\/p>\n<p>Mas pensei na lista de vantagens, se eu mandar meus <strong>facebookspams<\/strong>:<\/p>\n<ol>\n<li>Se caras que eu considero muito mandaram, n\u00e3o faria mal eu tamb\u00e9m mandar.<\/li>\n<li>O <strong>facebook <\/strong>\u00e9 relativamente novo no Brasil. Se eu mandar esse convite agora vou parecer de vanguarda e antenado, e tal, definindo tend\u00eancias.<\/li>\n<li>Eu posso fazer um spam de mim mesmo correndo baixo risco de ser rejeitado.<\/li>\n<li>As redes sociais funcionam assim mesmo, a gente vai convidando amigos.<\/li>\n<li>Se um monte de brasileiros invadir aquilo, vai ser muito divertido.<\/li>\n<\/ol>\n","protected":false},"excerpt":{"rendered":"<p>Participo de uma social network (popular &#8220;comunidade&#8220;) ou n\u00e3o? De tanto receber convites facebook, resolvi entrar. \u00c9 que recebi convites de gente que s\u00e3o esp\u00e9cies de gurus pra mim, como [&hellip;]<\/p>\n","protected":false},"author":2,"featured_media":0,"comment_status":"open","ping_status":"open","sticky":false,"template":"","format":"standard","meta":{"footnotes":""},"categories":[46,58,7,5],"tags":[],"class_list":["post-252","post","type-post","status-publish","format-standard","hentry","category-cibercultura","category-comunidades","category-jornalismo-online","category-midias-digitais"],"_links":{"self":[{"href":"https:\/\/meiradarocha.jor.br\/news\/wp-json\/wp\/v2\/posts\/252","targetHints":{"allow":["GET"]}}],"collection":[{"href":"https:\/\/meiradarocha.jor.br\/news\/wp-json\/wp\/v2\/posts"}],"about":[{"href":"https:\/\/meiradarocha.jor.br\/news\/wp-json\/wp\/v2\/types\/post"}],"author":[{"embeddable":true,"href":"https:\/\/meiradarocha.jor.br\/news\/wp-json\/wp\/v2\/users\/2"}],"replies":[{"embeddable":true,"href":"https:\/\/meiradarocha.jor.br\/news\/wp-json\/wp\/v2\/comments?post=252"}],"version-history":[{"count":0,"href":"https:\/\/meiradarocha.jor.br\/news\/wp-json\/wp\/v2\/posts\/252\/revisions"}],"wp:attachment":[{"href":"https:\/\/meiradarocha.jor.br\/news\/wp-json\/wp\/v2\/media?parent=252"}],"wp:term":[{"taxonomy":"category","embeddable":true,"href":"https:\/\/meiradarocha.jor.br\/news\/wp-json\/wp\/v2\/categories?post=252"},{"taxonomy":"post_tag","embeddable":true,"href":"https:\/\/meiradarocha.jor.br\/news\/wp-json\/wp\/v2\/tags?post=252"}],"curies":[{"name":"wp","href":"https:\/\/api.w.org\/{rel}","templated":true}]}}