{"id":207,"date":"2007-09-22T03:15:50","date_gmt":"2007-09-22T06:15:50","guid":{"rendered":"http:\/\/www.meiradarocha.jor.br\/news\/2007\/09\/22\/a-magica-de-woz\/"},"modified":"2007-09-22T03:19:36","modified_gmt":"2007-09-22T06:19:36","slug":"a-magica-de-woz","status":"publish","type":"post","link":"https:\/\/meiradarocha.jor.br\/news\/2007\/09\/22\/a-magica-de-woz\/","title":{"rendered":"A m\u00e1gica de Woz"},"content":{"rendered":"<p>Ethan Zuckerman d\u00e1 um resumo da <a href=\"http:\/\/www.ethanzuckerman.com\/blog\/2007\/09\/14\/idea-festival-woz-wow\/\" target=\"_blank\">fala de Steve Wozniak no Idea Festival<\/a>, contando sua participa\u00e7\u00e3o na pr\u00e9-hist\u00f3ria da microinform\u00e1tica. Extremamente geeky, mas \u00e9 bom pra gente ver como o ser humano (desde que estude bastante e more na Calif\u00f3rnia) consegue manipular a natureza. No caso, chips de sil\u00edcio.<\/p>\n<p>Atari, Pong, Breakout, Apple e como a HP perdeu a chance de inventar os microcomputadores.<\/p>\n","protected":false},"excerpt":{"rendered":"<p>Ethan Zuckerman d\u00e1 um resumo da fala de Steve Wozniak no Idea Festival, contando sua participa\u00e7\u00e3o na pr\u00e9-hist\u00f3ria da microinform\u00e1tica. Extremamente geeky, mas \u00e9 bom pra gente ver como o [&hellip;]<\/p>\n","protected":false},"author":2,"featured_media":0,"comment_status":"open","ping_status":"open","sticky":false,"template":"","format":"standard","meta":{"footnotes":""},"categories":[29,4],"tags":[],"class_list":["post-207","post","type-post","status-publish","format-standard","hentry","category-computadores","category-tecnologia"],"_links":{"self":[{"href":"https:\/\/meiradarocha.jor.br\/news\/wp-json\/wp\/v2\/posts\/207","targetHints":{"allow":["GET"]}}],"collection":[{"href":"https:\/\/meiradarocha.jor.br\/news\/wp-json\/wp\/v2\/posts"}],"about":[{"href":"https:\/\/meiradarocha.jor.br\/news\/wp-json\/wp\/v2\/types\/post"}],"author":[{"embeddable":true,"href":"https:\/\/meiradarocha.jor.br\/news\/wp-json\/wp\/v2\/users\/2"}],"replies":[{"embeddable":true,"href":"https:\/\/meiradarocha.jor.br\/news\/wp-json\/wp\/v2\/comments?post=207"}],"version-history":[{"count":0,"href":"https:\/\/meiradarocha.jor.br\/news\/wp-json\/wp\/v2\/posts\/207\/revisions"}],"wp:attachment":[{"href":"https:\/\/meiradarocha.jor.br\/news\/wp-json\/wp\/v2\/media?parent=207"}],"wp:term":[{"taxonomy":"category","embeddable":true,"href":"https:\/\/meiradarocha.jor.br\/news\/wp-json\/wp\/v2\/categories?post=207"},{"taxonomy":"post_tag","embeddable":true,"href":"https:\/\/meiradarocha.jor.br\/news\/wp-json\/wp\/v2\/tags?post=207"}],"curies":[{"name":"wp","href":"https:\/\/api.w.org\/{rel}","templated":true}]}}