{"id":205,"date":"2007-09-16T20:25:31","date_gmt":"2007-09-16T23:25:31","guid":{"rendered":"http:\/\/www.meiradarocha.jor.br\/news\/2007\/09\/16\/ouca-os-audios-do-exu-caveira-cover\/"},"modified":"2007-09-16T20:37:47","modified_gmt":"2007-09-16T23:37:47","slug":"ouca-os-audios-do-exu-caveira-cover","status":"publish","type":"post","link":"https:\/\/meiradarocha.jor.br\/news\/2007\/09\/16\/ouca-os-audios-do-exu-caveira-cover\/","title":{"rendered":"Ou\u00e7a os \u00e1udios do Exu Caveira Cover"},"content":{"rendered":"<p><strong>Jorge Rocha<\/strong> \u00e9 o <a href=\"http:\/\/www.verbeat.org\/blogs\/exu\/\">Exu Caveira Cover<\/a>, um maluc\u00e3o professor de jornalismo que est\u00e1 sempre antenado criticamente em assuntos sobre jornalismo online, cibercultura, essas coisas. Com o apoio do <a href=\"http:\/\/www.fumec.br\/\" title=\"Web do Centro Universit\u00e1rio Fumec\">Centro Universit\u00e1rio Fumec<\/a>, de Belo Horizonte, MG, Brazil, ele organiza uma s\u00e9rie de  semin\u00e1rios sobre jornalismo digital pelo Laborat\u00f3rio de Jornalismo Digital da faculdade, que coordena.<\/p>\n<p>Agora, os mais recentes semin\u00e1rios podem ser acessados pela internet atrav\u00e9s do \u00e1udio das palestras, que Jorge Rocha coloca no sub-site <a href=\"http:\/\/www.pontoeletronico.fumec.br\/index_4seminario-1.asp\">Ponto Eletr\u00f4nico<\/a>. Grande iniciativa para quem n\u00e3o pode dar um pulinho em BH para participar.<\/p>\n","protected":false},"excerpt":{"rendered":"<p>Jorge Rocha \u00e9 o Exu Caveira Cover, um maluc\u00e3o professor de jornalismo que est\u00e1 sempre antenado criticamente em assuntos sobre jornalismo online, cibercultura, essas coisas. Com o apoio do Centro [&hellip;]<\/p>\n","protected":false},"author":2,"featured_media":0,"comment_status":"open","ping_status":"open","sticky":false,"template":"","format":"standard","meta":{"footnotes":""},"categories":[30,46,7,5],"tags":[],"class_list":["post-205","post","type-post","status-publish","format-standard","hentry","category-academia","category-cibercultura","category-jornalismo-online","category-midias-digitais"],"_links":{"self":[{"href":"https:\/\/meiradarocha.jor.br\/news\/wp-json\/wp\/v2\/posts\/205","targetHints":{"allow":["GET"]}}],"collection":[{"href":"https:\/\/meiradarocha.jor.br\/news\/wp-json\/wp\/v2\/posts"}],"about":[{"href":"https:\/\/meiradarocha.jor.br\/news\/wp-json\/wp\/v2\/types\/post"}],"author":[{"embeddable":true,"href":"https:\/\/meiradarocha.jor.br\/news\/wp-json\/wp\/v2\/users\/2"}],"replies":[{"embeddable":true,"href":"https:\/\/meiradarocha.jor.br\/news\/wp-json\/wp\/v2\/comments?post=205"}],"version-history":[{"count":0,"href":"https:\/\/meiradarocha.jor.br\/news\/wp-json\/wp\/v2\/posts\/205\/revisions"}],"wp:attachment":[{"href":"https:\/\/meiradarocha.jor.br\/news\/wp-json\/wp\/v2\/media?parent=205"}],"wp:term":[{"taxonomy":"category","embeddable":true,"href":"https:\/\/meiradarocha.jor.br\/news\/wp-json\/wp\/v2\/categories?post=205"},{"taxonomy":"post_tag","embeddable":true,"href":"https:\/\/meiradarocha.jor.br\/news\/wp-json\/wp\/v2\/tags?post=205"}],"curies":[{"name":"wp","href":"https:\/\/api.w.org\/{rel}","templated":true}]}}