{"id":1972,"date":"2011-03-28T12:06:56","date_gmt":"2011-03-28T15:06:56","guid":{"rendered":"http:\/\/meiradarocha.jor.br\/news\/?p=1972"},"modified":"2011-03-28T16:52:00","modified_gmt":"2011-03-28T19:52:00","slug":"principios-da-linguagem-visual-do-jornalismo","status":"publish","type":"post","link":"https:\/\/meiradarocha.jor.br\/news\/2011\/03\/28\/principios-da-linguagem-visual-do-jornalismo\/","title":{"rendered":"Princ\u00edpios da linguagem visual do Jornalismo"},"content":{"rendered":"<p>Os princ\u00edpios da linguagem visual do Jornalismo podem ser vistos como a gram\u00e1tica da linguagem visual. Eles determinam como se combinam os <a href=\"http:\/\/meiradarocha.jor.br\/news\/2011\/03\/28\/elementos-da-linguagem-visual-do-jornalismo\/\">elementos da linguagem visual<\/a>. Estes princ\u00edpios foram desenvolvidos ao longo da hist\u00f3ria da arte e compilados  principalmente pela escola <a href=\"http:\/\/pt.wikipedia.org\/wiki\/Bauhaus\">Bauhaus<\/a>, na primeira metade do s\u00e9culo 20, na  Alemanha.<\/p>\n<h3>Movimento<\/h3>\n<p><a href=\"http:\/\/meiradarocha.jor.br\/news\/wp-content\/uploads\/2011\/03\/movimento_BRA_LSP.jpg\"><img loading=\"lazy\" decoding=\"async\" class=\"alignnone size-medium wp-image-1974\" title=\"movimento_BRA_LSP\" src=\"http:\/\/meiradarocha.jor.br\/news\/wp-content\/uploads\/2011\/03\/movimento_BRA_LSP-198x300.jpg\" alt=\"\" width=\"198\" height=\"300\" srcset=\"https:\/\/meiradarocha.jor.br\/news\/wp-content\/uploads\/2011\/03\/movimento_BRA_LSP-198x300.jpg 198w, https:\/\/meiradarocha.jor.br\/news\/wp-content\/uploads\/2011\/03\/movimento_BRA_LSP-99x150.jpg 99w, https:\/\/meiradarocha.jor.br\/news\/wp-content\/uploads\/2011\/03\/movimento_BRA_LSP-676x1024.jpg 676w, https:\/\/meiradarocha.jor.br\/news\/wp-content\/uploads\/2011\/03\/movimento_BRA_LSP.jpg 700w\" sizes=\"auto, (max-width: 198px) 100vw, 198px\" \/><\/a><\/p>\n<p>Mesmo uma <a href=\"http:\/\/meiradarocha.jor.br\/news\/2007\/06\/13\/caminhos-da-visao\/\">imagem est\u00e1tica \u00e9 vista com movimentos<\/a>. Al\u00e9m disto, ela pode sugerir movimento, como nesta foto de capa. Os <a href=\"http:\/\/meiradarocha.jor.br\/news\/2007\/08\/10\/zonas-de-visualizacao-da-pagina-impressa\/\">olhos seguem um caminho que o diagramador, em grande parte, determina<\/a>.<\/p>\n<h3>Dire\u00e7\u00e3o<\/h3>\n<p>\u00c9 a organiza\u00e7\u00e3o dos elementos gr\u00e1ficos de modo a guiar os olhos do  observador. As pessoas nas fotos devem olhar para a mat\u00e9ria, n\u00e3o para  fora da p\u00e1gina (a n\u00e3o ser quando voc\u00ea quer dar opini\u00e3o na diagrama\u00e7\u00e3o,  dizendo que um pol\u00edtico n\u00e3o est\u00e1 olhando para um problema, por exemplo)<\/p>\n<h3>Unidade<\/h3>\n<p>Qualidade de totalidade que \u00e9 obtida pela repeti\u00e7\u00e3o de certos elementos e princ\u00edpios ao longo de uma publica\u00e7\u00e3o. \u00c9 o que mais define um projeto gr\u00e1fico.<\/p>\n<p><a href=\"http:\/\/meiradarocha.jor.br\/news\/wp-content\/uploads\/2011\/03\/cor.jpg\"><img loading=\"lazy\" decoding=\"async\" class=\"alignnone size-medium wp-image-1966\" title=\"cor\" src=\"http:\/\/meiradarocha.jor.br\/news\/wp-content\/uploads\/2011\/03\/cor-300x210.jpg\" alt=\"\" width=\"300\" height=\"210\" srcset=\"https:\/\/meiradarocha.jor.br\/news\/wp-content\/uploads\/2011\/03\/cor-300x210.jpg 300w, https:\/\/meiradarocha.jor.br\/news\/wp-content\/uploads\/2011\/03\/cor-150x105.jpg 150w, https:\/\/meiradarocha.jor.br\/news\/wp-content\/uploads\/2011\/03\/cor-768x539.jpg 768w, https:\/\/meiradarocha.jor.br\/news\/wp-content\/uploads\/2011\/03\/cor-1024x718.jpg 1024w, https:\/\/meiradarocha.jor.br\/news\/wp-content\/uploads\/2011\/03\/cor.jpg 1048w\" sizes=\"auto, (max-width: 300px) 100vw, 300px\" \/><\/a><a href=\"http:\/\/meiradarocha.jor.br\/news\/wp-content\/uploads\/2011\/03\/valor.jpg\"><img loading=\"lazy\" decoding=\"async\" class=\"alignnone size-medium wp-image-1969\" title=\"valor\" src=\"http:\/\/meiradarocha.jor.br\/news\/wp-content\/uploads\/2011\/03\/valor-300x210.jpg\" alt=\"\" width=\"300\" height=\"210\" \/><\/a><\/p>\n<h3>Contraste<\/h3>\n<p>\u00c9 criado atrav\u00e9s da compara\u00e7\u00e3o ou justaposi\u00e7\u00e3o de elementos que conflituam entre si. Pode haver contraste de tamanho (t\u00edtulos e textos, fotos grandes e fotos pequenas), contraste de contornos (letras com serifa e sem serifa), contraste de \u00e1rea (letras grossas e letras finas), contraste de cor (verde e roxo), contraste de valor (azul claro e azul escuro) etc.<\/p>\n<p><a href=\"http:\/\/meiradarocha.jor.br\/news\/wp-content\/uploads\/2011\/03\/contraste_IL_RE.jpg\"><img loading=\"lazy\" decoding=\"async\" class=\"alignnone size-medium wp-image-1983\" title=\"contraste_IL_RE\" src=\"http:\/\/meiradarocha.jor.br\/news\/wp-content\/uploads\/2011\/03\/contraste_IL_RE-283x300.jpg\" alt=\"\" width=\"283\" height=\"300\" \/><\/a><\/p>\n<p>O contraste foi obtido nas roupas dos modelos.<\/p>\n<h3>Variedade<\/h3>\n<p>Ou altern\u00e2ncia. \u00c9 o uso de diferen\u00e7as de cor, tamanho, \u00e1rea, valor etc para criar um interesse visual. Uma p\u00e1gina de publica\u00e7\u00e3o nunca deve ser igual \u00e0 outra na mesma edi\u00e7\u00e3o. Principalmente as capas n\u00e3o devem ser parecidas de uma edi\u00e7\u00e3o para outra.<\/p>\n<p><a href=\"http:\/\/meiradarocha.jor.br\/news\/wp-content\/uploads\/2011\/03\/variedade_ME_PPH.jpg\"><img loading=\"lazy\" decoding=\"async\" class=\"alignnone size-medium wp-image-1984\" title=\"variedade_ME_PPH\" src=\"http:\/\/meiradarocha.jor.br\/news\/wp-content\/uploads\/2011\/03\/variedade_ME_PPH-167x300.jpg\" alt=\"\" width=\"167\" height=\"300\" \/><\/a><\/p>\n<h3>Balan\u00e7o<\/h3>\n<p>\u00c9 o arranjo das partes de uma composi\u00e7\u00e3o visual de modo que cada parte n\u00e3o pare\u00e7a ter maior &#8220;peso&#8221; do que outra. O balan\u00e7o pode ser sim\u00e9trico, assim\u00e9trico e radial.<\/p>\n<p>Um texto noticioso grande, por exemplo, n\u00e3o pode ter uma foto pequena no canto. \u00c9 aconselh\u00e1vel, neste caso, aumentar a foto e centraliz\u00e1-la.<\/p>\n<p><a href=\"http:\/\/meiradarocha.jor.br\/news\/wp-content\/uploads\/2011\/03\/balanco_SPA_PAIS.jpg\"><img loading=\"lazy\" decoding=\"async\" class=\"size-medium wp-image-1978 alignnone\" title=\"balanco_SPA_PAIS\" src=\"http:\/\/meiradarocha.jor.br\/news\/wp-content\/uploads\/2011\/03\/balanco_SPA_PAIS-202x300.jpg\" alt=\"\" width=\"202\" height=\"300\" \/><\/a><a href=\"http:\/\/meiradarocha.jor.br\/news\/wp-content\/uploads\/2011\/03\/balanco_MA_BH.jpg\"><img loading=\"lazy\" decoding=\"async\" class=\"alignnone size-medium wp-image-1987\" title=\"balanco_MA_BH\" src=\"http:\/\/meiradarocha.jor.br\/news\/wp-content\/uploads\/2011\/03\/balanco_MA_BH-282x300.jpg\" alt=\"\" width=\"282\" height=\"300\" \/><\/a><a href=\"http:\/\/meiradarocha.jor.br\/news\/wp-content\/uploads\/2011\/03\/simetria_LAT_DIENA.jpg\"><img loading=\"lazy\" decoding=\"async\" class=\"alignnone size-medium wp-image-1992\" title=\"simetria_LAT_DIENA\" src=\"http:\/\/meiradarocha.jor.br\/news\/wp-content\/uploads\/2011\/03\/simetria_LAT_DIENA-221x300.jpg\" alt=\"\" width=\"221\" height=\"300\" srcset=\"https:\/\/meiradarocha.jor.br\/news\/wp-content\/uploads\/2011\/03\/simetria_LAT_DIENA-221x300.jpg 221w, https:\/\/meiradarocha.jor.br\/news\/wp-content\/uploads\/2011\/03\/simetria_LAT_DIENA-111x150.jpg 111w, https:\/\/meiradarocha.jor.br\/news\/wp-content\/uploads\/2011\/03\/simetria_LAT_DIENA.jpg 700w\" sizes=\"auto, (max-width: 221px) 100vw, 221px\" \/><\/a><\/p>\n<p>Uma forma grande &#8220;atrai&#8221; formas menores como se tivesse gravidade maior. Assim, a foto atrai o t\u00edtulo (e o t\u00edtulo atrai a foto), uma foto grande atrai fotos menores. No Diena, exemplo de balan\u00e7o sim\u00e9trico.<\/p>\n<h3>Propor\u00e7\u00e3o<\/h3>\n<p>\u00c9 a medida de tamanho e quantidade de elementos de uma composi\u00e7\u00e3o visual.<\/p>\n<p><a href=\"http:\/\/meiradarocha.jor.br\/news\/wp-content\/uploads\/2011\/03\/proporcao_MA_MET.jpg\"><img loading=\"lazy\" decoding=\"async\" class=\"alignnone size-medium wp-image-1985\" title=\"proporcao_MA_MET\" src=\"http:\/\/meiradarocha.jor.br\/news\/wp-content\/uploads\/2011\/03\/proporcao_MA_MET-253x300.jpg\" alt=\"\" width=\"253\" height=\"300\" \/><\/a><\/p>\n<p>Capa com todos os elementos bem proporcionados.<\/p>\n<h3>Padr\u00e3o, ritmo, repeti\u00e7\u00e3o<\/h3>\n<p>Pode ser usado como efeito gr\u00e1fico (capa abaixo) ou como recurso para obter unidade (como cabe\u00e7alhos com n\u00famero de p\u00e1gina).<\/p>\n<p><a href=\"http:\/\/meiradarocha.jor.br\/news\/wp-content\/uploads\/2011\/03\/repeticao_BRA^SP_DDSP.jpg\"><img loading=\"lazy\" decoding=\"async\" class=\"alignnone size-medium wp-image-1979\" title=\"repeticao_BRA^SP_DDSP\" src=\"http:\/\/meiradarocha.jor.br\/news\/wp-content\/uploads\/2011\/03\/repeticao_BRA^SP_DDSP-212x300.jpg\" alt=\"\" width=\"212\" height=\"300\" \/><\/a><\/p>\n<h3>Harmonia<\/h3>\n<p>\u00c9 a combina\u00e7\u00e3o de unidade, contraste, balan\u00e7o, variedade etc na obten\u00e7\u00e3o  de um todo agrad\u00e1vel ao observador. \u00c9 o objetivo de todo projeto  gr\u00e1fico.<\/p>\n<h3>Bibliografia<\/h3>\n<ul>\n<li><a href=\"http:\/\/en.wikipedia.org\/wiki\/Principles_of_art\">http:\/\/en.wikipedia.org\/wiki\/Principles_of_art<\/a><\/li>\n<li><a href=\"http:\/\/char.txa.cornell.edu\/language\/introlan.htm\">http:\/\/char.txa.cornell.edu\/language\/introlan.htm<\/a><\/li>\n<\/ul>\n<p>&nbsp;<\/p>\n","protected":false},"excerpt":{"rendered":"<p>Os princ\u00edpios da linguagem visual do Jornalismo podem ser vistos como a gram\u00e1tica da linguagem visual. Eles determinam como se combinam os elementos da linguagem visual. Estes princ\u00edpios foram desenvolvidos [&hellip;]<\/p>\n","protected":false},"author":2,"featured_media":0,"comment_status":"open","ping_status":"open","sticky":false,"template":"","format":"standard","meta":{"footnotes":""},"categories":[24,25,10],"tags":[],"class_list":["post-1972","post","type-post","status-publish","format-standard","hentry","category-design-grafico","category-diagramacao","category-jornalismo"],"_links":{"self":[{"href":"https:\/\/meiradarocha.jor.br\/news\/wp-json\/wp\/v2\/posts\/1972","targetHints":{"allow":["GET"]}}],"collection":[{"href":"https:\/\/meiradarocha.jor.br\/news\/wp-json\/wp\/v2\/posts"}],"about":[{"href":"https:\/\/meiradarocha.jor.br\/news\/wp-json\/wp\/v2\/types\/post"}],"author":[{"embeddable":true,"href":"https:\/\/meiradarocha.jor.br\/news\/wp-json\/wp\/v2\/users\/2"}],"replies":[{"embeddable":true,"href":"https:\/\/meiradarocha.jor.br\/news\/wp-json\/wp\/v2\/comments?post=1972"}],"version-history":[{"count":0,"href":"https:\/\/meiradarocha.jor.br\/news\/wp-json\/wp\/v2\/posts\/1972\/revisions"}],"wp:attachment":[{"href":"https:\/\/meiradarocha.jor.br\/news\/wp-json\/wp\/v2\/media?parent=1972"}],"wp:term":[{"taxonomy":"category","embeddable":true,"href":"https:\/\/meiradarocha.jor.br\/news\/wp-json\/wp\/v2\/categories?post=1972"},{"taxonomy":"post_tag","embeddable":true,"href":"https:\/\/meiradarocha.jor.br\/news\/wp-json\/wp\/v2\/tags?post=1972"}],"curies":[{"name":"wp","href":"https:\/\/api.w.org\/{rel}","templated":true}]}}