{"id":1952,"date":"2011-03-28T11:17:53","date_gmt":"2011-03-28T14:17:53","guid":{"rendered":"http:\/\/meiradarocha.jor.br\/news\/?p=1952"},"modified":"2011-03-28T16:28:51","modified_gmt":"2011-03-28T19:28:51","slug":"elementos-da-linguagem-visual-do-jornalismo","status":"publish","type":"post","link":"https:\/\/meiradarocha.jor.br\/news\/2011\/03\/28\/elementos-da-linguagem-visual-do-jornalismo\/","title":{"rendered":"Elementos da linguagem visual do Jornalismo"},"content":{"rendered":"<p>Os elementos da linguagem visual do Jornalismo s\u00e3o as &#8220;palavras&#8221; visuais que formam o dicion\u00e1rio do designer de jornal. Foram desenvolvidos ao longo da hist\u00f3ria da arte e compilados principalmente pela escola <a href=\"http:\/\/pt.wikipedia.org\/wiki\/Bauhaus\">Bauhaus<\/a>, na primeira metade do s\u00e9culo 20, na Alemanha. Estas palavras gr\u00e1ficas s\u00e3o combinadas segundo uma gram\u00e1tica visual, os <a href=\"http:\/\/meiradarocha.jor.br\/news\/2011\/03\/28\/principios-da-linguagem-visual-do-jornalismo\/\">Princ\u00edpios da Linguagem Visual<\/a>, para formar &#8220;frases ou senten\u00e7as visuais&#8221;.<\/p>\n<p>Os elementos da linguagem visual s\u00e3o estes:<\/p>\n<h3>A linha<\/h3>\n<p>Marca que une dois pontos.<\/p>\n<p><a href=\"http:\/\/meiradarocha.jor.br\/news\/wp-content\/uploads\/2011\/03\/linha_SD_AN.jpg\"><img loading=\"lazy\" decoding=\"async\" class=\"size-medium wp-image-1955 alignnone\" title=\"linha_SD_AN\" src=\"http:\/\/meiradarocha.jor.br\/news\/wp-content\/uploads\/2011\/03\/linha_SD_AN-150x300.jpg\" alt=\"\" width=\"150\" height=\"300\" \/><\/a><\/p>\n<h3>O contorno<\/h3>\n<p>\u00c1reas. Formas em um espa\u00e7o bidimensional.<\/p>\n<p><a href=\"http:\/\/meiradarocha.jor.br\/news\/wp-content\/uploads\/2011\/03\/contorno_VA_DPRESS.jpg\"><img loading=\"lazy\" decoding=\"async\" class=\"alignnone size-medium wp-image-1959\" title=\"contorno_VA_DPRESS\" src=\"http:\/\/meiradarocha.jor.br\/news\/wp-content\/uploads\/2011\/03\/contorno_VA_DPRESS-149x300.jpg\" alt=\"\" width=\"149\" height=\"300\" srcset=\"https:\/\/meiradarocha.jor.br\/news\/wp-content\/uploads\/2011\/03\/contorno_VA_DPRESS-149x300.jpg 149w, https:\/\/meiradarocha.jor.br\/news\/wp-content\/uploads\/2011\/03\/contorno_VA_DPRESS-75x150.jpg 75w, https:\/\/meiradarocha.jor.br\/news\/wp-content\/uploads\/2011\/03\/contorno_VA_DPRESS-510x1024.jpg 510w, https:\/\/meiradarocha.jor.br\/news\/wp-content\/uploads\/2011\/03\/contorno_VA_DPRESS.jpg 700w\" sizes=\"auto, (max-width: 149px) 100vw, 149px\" \/><\/a><a href=\"http:\/\/meiradarocha.jor.br\/news\/wp-content\/uploads\/2011\/03\/contorno_TX_VA1.jpg\"><img loading=\"lazy\" decoding=\"async\" class=\"alignnone size-medium wp-image-1958\" title=\"contorno_TX_VA\" src=\"http:\/\/meiradarocha.jor.br\/news\/wp-content\/uploads\/2011\/03\/contorno_TX_VA1-175x300.jpg\" alt=\"\" width=\"175\" height=\"300\" srcset=\"https:\/\/meiradarocha.jor.br\/news\/wp-content\/uploads\/2011\/03\/contorno_TX_VA1-175x300.jpg 175w, https:\/\/meiradarocha.jor.br\/news\/wp-content\/uploads\/2011\/03\/contorno_TX_VA1-88x150.jpg 88w, https:\/\/meiradarocha.jor.br\/news\/wp-content\/uploads\/2011\/03\/contorno_TX_VA1-597x1024.jpg 597w, https:\/\/meiradarocha.jor.br\/news\/wp-content\/uploads\/2011\/03\/contorno_TX_VA1.jpg 700w\" sizes=\"auto, (max-width: 175px) 100vw, 175px\" \/><\/a><\/p>\n<h3>Espa\u00e7o<\/h3>\n<p>\u00c1rea com largura, altura e sensa\u00e7\u00e3o de profundidade. Na folha plana, o espa\u00e7o tridimensional \u00e9 expresso com claros-escuros.<\/p>\n<p><a href=\"http:\/\/meiradarocha.jor.br\/news\/wp-content\/uploads\/2011\/03\/forma_NY_DN.jpg\"><img loading=\"lazy\" decoding=\"async\" class=\"alignnone size-medium wp-image-1960\" title=\"forma_NY_DN\" src=\"http:\/\/meiradarocha.jor.br\/news\/wp-content\/uploads\/2011\/03\/forma_NY_DN-240x300.jpg\" alt=\"\" width=\"240\" height=\"300\" srcset=\"https:\/\/meiradarocha.jor.br\/news\/wp-content\/uploads\/2011\/03\/forma_NY_DN-240x300.jpg 240w, https:\/\/meiradarocha.jor.br\/news\/wp-content\/uploads\/2011\/03\/forma_NY_DN-120x150.jpg 120w, https:\/\/meiradarocha.jor.br\/news\/wp-content\/uploads\/2011\/03\/forma_NY_DN.jpg 700w\" sizes=\"auto, (max-width: 240px) 100vw, 240px\" \/><\/a><\/p>\n<p>Nesta capa, temos a combina\u00e7\u00e3o de contornos de letras (espa\u00e7o bidimensional) e forma de cabe\u00e7a (forma aparentemente tridimensional).<\/p>\n<h3>Textura<\/h3>\n<p><a href=\"http:\/\/meiradarocha.jor.br\/news\/wp-content\/uploads\/2011\/03\/textura_CA_VDDN.jpg\"><img loading=\"lazy\" decoding=\"async\" class=\"alignnone size-medium wp-image-1964\" title=\"textura_CA_VDDN\" src=\"http:\/\/meiradarocha.jor.br\/news\/wp-content\/uploads\/2011\/03\/textura_CA_VDDN-179x300.jpg\" alt=\"\" width=\"179\" height=\"300\" \/><\/a><\/p>\n<p>Todo texto impresso forma uma textura, principalmente as colunas de texto pequeno. As fotos tamb\u00e9m podem formar texturas, como o campo de flores nesta capa.<\/p>\n<h3>Cor<\/h3>\n<p><a href=\"http:\/\/meiradarocha.jor.br\/news\/wp-content\/uploads\/2011\/03\/cor_DC_TE.jpg\"><img loading=\"lazy\" decoding=\"async\" class=\"alignnone size-medium wp-image-1965\" title=\"cor_DC_TE\" src=\"http:\/\/meiradarocha.jor.br\/news\/wp-content\/uploads\/2011\/03\/cor_DC_TE-259x300.jpg\" alt=\"\" width=\"259\" height=\"300\" srcset=\"https:\/\/meiradarocha.jor.br\/news\/wp-content\/uploads\/2011\/03\/cor_DC_TE-259x300.jpg 259w, https:\/\/meiradarocha.jor.br\/news\/wp-content\/uploads\/2011\/03\/cor_DC_TE-130x150.jpg 130w, https:\/\/meiradarocha.jor.br\/news\/wp-content\/uploads\/2011\/03\/cor_DC_TE.jpg 700w\" sizes=\"auto, (max-width: 259px) 100vw, 259px\" \/><\/a><img loading=\"lazy\" decoding=\"async\" class=\"alignnone size-medium wp-image-1966\" title=\"cor\" src=\"http:\/\/meiradarocha.jor.br\/news\/wp-content\/uploads\/2011\/03\/cor-300x210.jpg\" alt=\"\" width=\"300\" height=\"210\" srcset=\"https:\/\/meiradarocha.jor.br\/news\/wp-content\/uploads\/2011\/03\/cor-300x210.jpg 300w, https:\/\/meiradarocha.jor.br\/news\/wp-content\/uploads\/2011\/03\/cor-150x105.jpg 150w, https:\/\/meiradarocha.jor.br\/news\/wp-content\/uploads\/2011\/03\/cor-768x539.jpg 768w, https:\/\/meiradarocha.jor.br\/news\/wp-content\/uploads\/2011\/03\/cor-1024x718.jpg 1024w, https:\/\/meiradarocha.jor.br\/news\/wp-content\/uploads\/2011\/03\/cor.jpg 1048w\" sizes=\"auto, (max-width: 300px) 100vw, 300px\" \/><a href=\"http:\/\/meiradarocha.jor.br\/news\/wp-content\/uploads\/2011\/03\/cor_MN_PP.jpg\"><img loading=\"lazy\" decoding=\"async\" class=\"alignnone size-medium wp-image-1988\" title=\"cor_MN_PP\" src=\"http:\/\/meiradarocha.jor.br\/news\/wp-content\/uploads\/2011\/03\/cor_MN_PP-154x300.jpg\" alt=\"\" width=\"154\" height=\"300\" srcset=\"https:\/\/meiradarocha.jor.br\/news\/wp-content\/uploads\/2011\/03\/cor_MN_PP-154x300.jpg 154w, https:\/\/meiradarocha.jor.br\/news\/wp-content\/uploads\/2011\/03\/cor_MN_PP-77x150.jpg 77w, https:\/\/meiradarocha.jor.br\/news\/wp-content\/uploads\/2011\/03\/cor_MN_PP-527x1024.jpg 527w, https:\/\/meiradarocha.jor.br\/news\/wp-content\/uploads\/2011\/03\/cor_MN_PP.jpg 700w\" sizes=\"auto, (max-width: 154px) 100vw, 154px\" \/><\/a><\/p>\n<p>Exemplos de uso de cor: aplica\u00e7\u00e3o ca\u00f3tica, uso harm\u00f4nico, repeti\u00e7\u00e3o salientando a cor.<\/p>\n<h3>Valor<\/h3>\n<p><a href=\"http:\/\/meiradarocha.jor.br\/news\/wp-content\/uploads\/2011\/03\/valor.jpg\"><img loading=\"lazy\" decoding=\"async\" class=\"alignnone size-medium wp-image-1969\" title=\"valor\" src=\"http:\/\/meiradarocha.jor.br\/news\/wp-content\/uploads\/2011\/03\/valor-300x210.jpg\" alt=\"\" width=\"300\" height=\"210\" \/><\/a><\/p>\n<blockquote><p>Valor refere-se ao uso de claro e escuro, sombra e destaque, em uma obra de arte. Fotografia preto e branco depende inteiramente de valor para definir seu assunto. O valor est\u00e1 diretamente relacionado com o contraste. Valor \u00e9 a escurid\u00e3o e claridade de um objeto, dependendo de como a luz \u00e9 mostrada. (Wikipedia)<\/p><\/blockquote>\n<p>&nbsp;<\/p>\n<h3>Bibliografia<\/h3>\n<ul>\n<li><a href=\"http:\/\/char.txa.cornell.edu\/language\/element\/element.htm\">http:\/\/char.txa.cornell.edu\/language\/element\/element.htm<\/a><\/li>\n<li><a href=\"http:\/\/www.johnlovett.com\/test.htm\">http:\/\/www.johnlovett.com\/test.htm<\/a><\/li>\n<li><a href=\"http:\/\/en.wikipedia.org\/wiki\/Elements_of_art\">http:\/\/en.wikipedia.org\/wiki\/Elements_of_art<\/a><\/li>\n<li><a href=\"http:\/\/www.newseum.org\/todaysfrontpages\/\">http:\/\/www.newseum.org\/todaysfrontpages\/<\/a><\/li>\n<\/ul>\n","protected":false},"excerpt":{"rendered":"<p>Os elementos da linguagem visual do Jornalismo s\u00e3o as &#8220;palavras&#8221; visuais que formam o dicion\u00e1rio do designer de jornal. Foram desenvolvidos ao longo da hist\u00f3ria da arte e compilados principalmente [&hellip;]<\/p>\n","protected":false},"author":2,"featured_media":0,"comment_status":"open","ping_status":"open","sticky":false,"template":"","format":"standard","meta":{"footnotes":""},"categories":[24,25,10],"tags":[],"class_list":["post-1952","post","type-post","status-publish","format-standard","hentry","category-design-grafico","category-diagramacao","category-jornalismo"],"_links":{"self":[{"href":"https:\/\/meiradarocha.jor.br\/news\/wp-json\/wp\/v2\/posts\/1952","targetHints":{"allow":["GET"]}}],"collection":[{"href":"https:\/\/meiradarocha.jor.br\/news\/wp-json\/wp\/v2\/posts"}],"about":[{"href":"https:\/\/meiradarocha.jor.br\/news\/wp-json\/wp\/v2\/types\/post"}],"author":[{"embeddable":true,"href":"https:\/\/meiradarocha.jor.br\/news\/wp-json\/wp\/v2\/users\/2"}],"replies":[{"embeddable":true,"href":"https:\/\/meiradarocha.jor.br\/news\/wp-json\/wp\/v2\/comments?post=1952"}],"version-history":[{"count":0,"href":"https:\/\/meiradarocha.jor.br\/news\/wp-json\/wp\/v2\/posts\/1952\/revisions"}],"wp:attachment":[{"href":"https:\/\/meiradarocha.jor.br\/news\/wp-json\/wp\/v2\/media?parent=1952"}],"wp:term":[{"taxonomy":"category","embeddable":true,"href":"https:\/\/meiradarocha.jor.br\/news\/wp-json\/wp\/v2\/categories?post=1952"},{"taxonomy":"post_tag","embeddable":true,"href":"https:\/\/meiradarocha.jor.br\/news\/wp-json\/wp\/v2\/tags?post=1952"}],"curies":[{"name":"wp","href":"https:\/\/api.w.org\/{rel}","templated":true}]}}