{"id":175,"date":"2007-08-06T18:51:20","date_gmt":"2007-08-06T21:51:20","guid":{"rendered":"http:\/\/www.meiradarocha.jor.br\/news\/2007\/08\/06\/sintonizando-a-net-digital-no-windows-com-placa-pixelview-playtv-pro\/"},"modified":"2008-03-16T16:50:05","modified_gmt":"2008-03-16T19:50:05","slug":"sintonize_net_digital_com_playtv_pro","status":"publish","type":"post","link":"https:\/\/meiradarocha.jor.br\/news\/2007\/08\/06\/sintonize_net_digital_com_playtv_pro\/","title":{"rendered":"Sintonize a Net Digital no Windows com placa PixelView PlayTV Pro"},"content":{"rendered":"<p>Sintonizar canais abertos (anal\u00f3gicos) com a <strong>Net Digital<\/strong> pelo computador Windows pode ser um problema. Acontece que o sistema usado pela TV a cabo digital \u00e9 DVB (<strong>Digital Video Broadcast<\/strong>). Mas o default do Windows \u00e9 sintonizar pelo sistema broadcast tradicional, que capta apenas alguns canais.<\/p>\n<p>No meu caso, canais comunit\u00e1rios sintonizavam, mas outros canais de n\u00fameros superiores, n\u00e3o. O Jetix 9canal de degusta\u00e7\u00e3o), por exemplo, ficava fora de sintonia. Acompanhe como resolvi isto.<!--more--><\/p>\n<p>Usei o <strong>Filemon <\/strong>e o <strong>Regmon <\/strong>da <strong>Sysinternals <\/strong>(agora dispon\u00edveis na Microsoft) para estudar como era a sintonia do Windows. Decobri, abrindo o registro Windows (sim, eu gosto de viver perigosamente), como fazer a sintonia correta.<\/p>\n<p>A receita \u00e9 essa:<\/p>\n<ol>\n<li>No <strong>VirtualVCR<\/strong> (um dos melhores programas Windows para gravar TV), escolha &#8220;Settings &gt; Tuner &gt; TV Tuner Device&#8221;.\n<ol>\n<li>Pa\u00eds deve ter <strong>55<\/strong> (Brasil). Isto \u00e9 marcado automaticamente<\/li>\n<li><strong>Em &#8220;Espa\u00e7o de sintonia&#8221;, coloque 7<\/strong>, em vez de zero. Corresponde a DVB (digital Video Broadcast), o padr\u00e3o da Net. Este \u00e9 o pulo do gato. Isto n\u00e3o est\u00e1 documentado em lugar algum que eu tenha encontrado.<\/li>\n<li> Em &#8220;Padr\u00e3o de v\u00eddeo&#8221;, deve estar <strong>PAL-M<\/strong>. O aparelho da Net tamb\u00e9m pode funcionar como NTSC, mas isso n\u00e3o deu cor boa quando tentei.<\/li>\n<li>Em &#8220;Entrada&#8221;, escolha &#8220;Cabo&#8221;.<\/li>\n<\/ol>\n<\/li>\n<li>Clique em &#8220;Sintonia autom\u00e1tica&#8221; para o Windows construir a tabela de canais e freq\u00fc\u00eancias.<\/li>\n<li>D\u00ea OK.<\/li>\n<li>Ainda na aba &#8220;Tuner&#8221; do VirtualVCR, escolha &#8220;Scan&#8221; para ele construir os canais sintoniz\u00e1veis. Talvez tenha que marcar &#8220;Agressive scan&#8221; para ele pegar o canal 3.<\/li>\n<li>Em Porto Alegre, a lista de canais abertos era a seguinte (isto pode variar):\n<ol>\n<li><strong>Canar 3<\/strong>: Canais digitais Net, p\u00e9ssimo sinal. Para gravar canais digitais, \u00e9 melhor usar o cabo S-Video ou o cabo Composite (plugs RCA) e mudar as entradas correspondentes no software de TV.<\/li>\n<li><strong>Canal 6<\/strong>: Programa\u00e7\u00e3o Net TV<\/li>\n<li><strong>7<\/strong>: TV Urbana<\/li>\n<li><strong>12<\/strong>: Propaganda Net<\/li>\n<li><strong>14<\/strong>: TV Gua\u00edba<\/li>\n<li><strong>15<\/strong>: UniTV<\/li>\n<li><strong>16<\/strong>: TV Assembl\u00e9ia Legislativa<\/li>\n<li><strong>17<\/strong>: TV Senado<\/li>\n<li><strong>18<\/strong>: TV C\u00e2mera dos Deputados<\/li>\n<li><strong>21<\/strong>: TV Justi\u00e7a<\/li>\n<li><strong>22<\/strong>: POA TV<\/li>\n<li><strong>24<\/strong>: MTV<\/li>\n<li><strong>49<\/strong>: People &amp; Arts (degusta\u00e7\u00e3o)<\/li>\n<li><strong>58<\/strong>: TeleSur ou algo assim. TV argentina<\/li>\n<li><strong>59<\/strong>: Disney (degusta\u00e7\u00e3o)<\/li>\n<li><strong>71<\/strong>: Medalh\u00e3o Persa<\/li>\n<li><strong>73<\/strong>: Jetix (degusta\u00e7\u00e3o)<\/li>\n<li><strong>77<\/strong>: A&amp;E (degusta\u00e7\u00e3o)<\/li>\n<li><strong>98<\/strong>: Ulbra TV<\/li>\n<\/ol>\n<\/li>\n<li>Na aba <strong>Devices<\/strong>, escolha &#8220;<strong>Video source: Video tuner<\/strong>&#8221; para sintonizar os canais pelo cabo RF (cabo coaxial de antena, branco em geral). Esta \u00e9 a pior maneira de sintonizar canais, mas \u00e9 a \u00fanica que d\u00e1 acesso aos canais comunit\u00e1rios e aos canais de degusta\u00e7\u00e3o (no momento, Disney, People &amp; Arts, A&amp;E, Jetix).<\/li>\n<li>A sintonia de r\u00e1dio talvez fique desabilitada no software original da placa de TV, depois de aplicado o driver argentino. Eu fa\u00e7o a sintoniza\u00e7\u00e3o por um <strong>plugin de r\u00e1dio FM do WinAmp<\/strong>.<\/li>\n<\/ol>\n","protected":false},"excerpt":{"rendered":"<p>Sintonizar canais abertos (anal\u00f3gicos) com a Net Digital pelo computador Windows pode ser um problema. Acontece que o sistema usado pela TV a cabo digital \u00e9 DVB (Digital Video Broadcast). [&hellip;]<\/p>\n","protected":false},"author":2,"featured_media":0,"comment_status":"open","ping_status":"open","sticky":false,"template":"","format":"standard","meta":{"footnotes":""},"categories":[5,17,18,21],"tags":[],"class_list":["post-175","post","type-post","status-publish","format-standard","hentry","category-midias-digitais","category-tv","category-video","category-windows"],"_links":{"self":[{"href":"https:\/\/meiradarocha.jor.br\/news\/wp-json\/wp\/v2\/posts\/175","targetHints":{"allow":["GET"]}}],"collection":[{"href":"https:\/\/meiradarocha.jor.br\/news\/wp-json\/wp\/v2\/posts"}],"about":[{"href":"https:\/\/meiradarocha.jor.br\/news\/wp-json\/wp\/v2\/types\/post"}],"author":[{"embeddable":true,"href":"https:\/\/meiradarocha.jor.br\/news\/wp-json\/wp\/v2\/users\/2"}],"replies":[{"embeddable":true,"href":"https:\/\/meiradarocha.jor.br\/news\/wp-json\/wp\/v2\/comments?post=175"}],"version-history":[{"count":0,"href":"https:\/\/meiradarocha.jor.br\/news\/wp-json\/wp\/v2\/posts\/175\/revisions"}],"wp:attachment":[{"href":"https:\/\/meiradarocha.jor.br\/news\/wp-json\/wp\/v2\/media?parent=175"}],"wp:term":[{"taxonomy":"category","embeddable":true,"href":"https:\/\/meiradarocha.jor.br\/news\/wp-json\/wp\/v2\/categories?post=175"},{"taxonomy":"post_tag","embeddable":true,"href":"https:\/\/meiradarocha.jor.br\/news\/wp-json\/wp\/v2\/tags?post=175"}],"curies":[{"name":"wp","href":"https:\/\/api.w.org\/{rel}","templated":true}]}}