{"id":1567,"date":"2010-10-25T18:10:16","date_gmt":"2010-10-25T21:10:16","guid":{"rendered":"http:\/\/meiradarocha.jor.br\/news\/?p=1567"},"modified":"2024-08-25T02:07:11","modified_gmt":"2024-08-25T06:07:11","slug":"por-que-o-laudo-bolinha-2-e-equivocado","status":"publish","type":"post","link":"https:\/\/meiradarocha.jor.br\/news\/2010\/10\/25\/por-que-o-laudo-bolinha-2-e-equivocado\/","title":{"rendered":"Bolinha no Serra: segundo perito adultera v\u00eddeo e apaga evid\u00eancias"},"content":{"rendered":"<div class=\"wp-block-image\">\n<figure class=\"alignright is-resized\"><a href=\"http:\/\/meiradarocha.jor.br\/news\/wp-content\/uploads\/2010\/10\/fita-magica00291.jpg\"><img loading=\"lazy\" decoding=\"async\" width=\"300\" height=\"217\" src=\"http:\/\/meiradarocha.jor.br\/news\/wp-content\/uploads\/2010\/10\/fita-magica00291-300x217.jpg\" alt=\"Artifiact j\u00e1 aparece no quadro anterior ao do suposto rolo\" class=\"wp-image-1600\" style=\"width:272px;height:auto\" srcset=\"https:\/\/meiradarocha.jor.br\/news\/wp-content\/uploads\/2010\/10\/fita-magica00291-300x217.jpg 300w, https:\/\/meiradarocha.jor.br\/news\/wp-content\/uploads\/2010\/10\/fita-magica00291-150x109.jpg 150w, https:\/\/meiradarocha.jor.br\/news\/wp-content\/uploads\/2010\/10\/fita-magica00291.jpg 663w\" sizes=\"auto, (max-width: 300px) 100vw, 300px\" \/><\/a><figcaption class=\"wp-element-caption\">Artifact j\u00e1 aparece no quadro anterior ao do suposto rolo<\/figcaption><\/figure>\n<\/div>\n\n\n<p>A pauta j\u00e1 esfriou, o assunto \u00e9 uma bobagem, mas \u00e9 um tema \u00f3timo para estudar dois pontos com meus alunos de jornalismo:<\/p>\n\n\n\n<ol class=\"wp-block-list\">\n<li>M\u00eddias digitais.<\/li>\n\n\n\n<li>Padr\u00f5es de manipula\u00e7\u00e3o da velha m\u00eddia.<\/li>\n<\/ol>\n\n\n\n<p>Depois de levar ao ar uma mat\u00e9ria de sete minutos (uma eternidade em televis\u00e3o) com um laudo sobre uma suposta agress\u00e3o ao candidato Jos\u00e9 Serra, a TV Globo encomendou um <a href=\"http:\/\/g1.globo.com\/especiais\/eleicoes-2010\/noticia\/2010\/10\/novo-perito-divulga-laudo-sobre-agressao-serra.html\">segundo laudo sobre o v\u00eddeo ao perito forense prof. Mauricio de Cunto<\/a>. Diz o laudo, em seu primeiro par\u00e1grafo:<\/p>\n\n\n\n<blockquote class=\"wp-block-quote is-layout-flow wp-block-quote-is-layout-flow\">\n<p>Em 21 de Outubro de 2010, \u00e0s 15h41m, a Rede Globo de Televis\u00e3o recebeu um e-mail do Grupo Folha contendo um arquivo de v\u00eddeo anexado de nome \u201cSerra.mp4\u201d. Este e-mail foi encaminhado a este perito \u00e0s 20h21m do dia 22 de Outubro de 2010. Este v\u00eddeo, produzido pelo v\u00eddeo-reporter Italo Nogueira do Grupo Folha, \u00e9 o alvo desta an\u00e1lise pericial.<\/p>\n<\/blockquote>\n\n\n\n<p>A primeira coisa que notei foi: por que uma empresa jornal\u00edstica entrega um &#8220;furo&#8221; jornal\u00edstico para sua concorrente? Muito estranho. A atitude \u00e9 compat\u00edvel com orquestra\u00e7\u00e3o.<\/p>\n\n\n\n<p>Tamb\u00e9m notei que o perito, no laudo, n\u00e3o informa as dimens\u00f5es da imagem &#8212; informa\u00e7\u00e3o de interesse secund\u00e1rio &#8212; nem a taxa de quadros por segundo, esta sim uma informa\u00e7\u00e3o <em><strong>vital<\/strong><\/em> para a an\u00e1lise do v\u00eddeo.<\/p>\n\n\n\n<p>Indiretamente, atrav\u00e9s de <em>time code<\/em> (tempo decorrido) colocados pelo prof. Cunto nos fotogramas, confirmamos que a taxa de quadros \u00e9 de cerca de 67 milissegundos, <a href=\"http:\/\/decom.cesnors.ufsm.br\/jornalismo\/2010\/10\/23\/e-serra-na-fita\/\">valor que j\u00e1 hav\u00edamos calculado<\/a>. O <a href=\"http:\/\/neveraskedquestions.blogspot.com\">blogueiro Roberto Takata<\/a> apurou que o <a href=\"http:\/\/www.nokia.com.br\/produtos\/celulares\/nokia-e71\/especificacoes-tecnicas\">celular Nokia E71<\/a> do <a href=\"http:\/\/novoemfolha.folha.blog.uol.com.br\/arch2010-10-24_2010-10-30.html#2010_10-27_14_29_41-11540919-25\">rep\u00f3rter da Folha, Italo Nogueira<\/a>, gravou a 15 quadros por segundo. Isto \u00e9 suficiente para registrar o suposto rolo de fita em 6 ou sete quadros. A fita n\u00e3o aparece em nenhum.<\/p>\n\n\n\n<p>Na segunda p\u00e1gina, sobre sua metodologia, o prof. de Cunto diz:<\/p>\n\n\n\n<blockquote class=\"wp-block-quote is-layout-flow wp-block-quote-is-layout-flow\">\n<p>&#8220;o v\u00eddeo possui baixa resolu\u00e7\u00e3o e uma taxa pequena de quadros-por-segundo, dificultando a an\u00e1lise. Visando melhorar as caracter\u00edsticas de visualiza\u00e7\u00e3o e documenta\u00e7\u00e3o deste v\u00eddeo, este perito utilizou algumas t\u00e9cnicas para viabilizar e facilitar esta an\u00e1lise&#8221;<\/p>\n<\/blockquote>\n\n\n\n<p>E segue uma longa e correta explica\u00e7\u00e3o sobre o que \u00e9 <strong>interpola\u00e7\u00e3o <\/strong>e porque foi utilizada. E \u00e9 aqui que o perito errou &#8212; apesar de parecer bom profissional.<\/p>\n\n\n\n<p>Ao usar a interpola\u00e7\u00e3o, o professor inseriu informa\u00e7\u00f5es onde antes havia nada. Dependendo do tipo de interpola\u00e7\u00e3o usado, al\u00e9m de aumentar o tamanho do v\u00eddeo, ela suaviza, &#8220;d\u00e1 uma borrada&#8221; na imagem. Parece que foi isto que aconteceu, porque Cunto diz mais adiante: &#8220;o processo de interpola\u00e7\u00e3o preenche matematicamente os espa\u00e7os vazios com pixels id\u00eanticos aos seus adjacentes permitindo uma observa\u00e7\u00e3o da imagem com <strong>muito maior suavidade<\/strong> sem adultera\u00e7\u00e3o do conte\u00fado da informa\u00e7\u00e3o presente na imagem&#8221; (negrito meu).<\/p>\n\n\n\n<p>Ora, o primeiro suspeito numa imagem de v\u00eddeo ou fotografia comprimidas \u00e9 o chamado &#8220;<a href=\"http:\/\/en.wikipedia.org\/wiki\/Compression_artifact\">artifact<\/a>&#8220;, um defeito de compress\u00e3o que se caracteriza por quadrados com <strong>bordas afiadas<\/strong> e interior difuso.<\/p>\n\n\n\n<p>E \u00e9 exatamente o que se v\u00ea no quadro transmitido pela TV Globo, ampliado por ela mesma (galeria abaixo). Mesmo com v\u00e1rias regrava\u00e7\u00f5es &#8212; da Folha para a Globo, edi\u00e7\u00f5es da Globo, grava\u00e7\u00e3o por mim &#8212; existem quatro quadrados relativamente vis\u00edveis e com bordas afiadas:&nbsp; um quadrado na calva de Serra e outro logo abaixo dele, cortando em \u00e2ngulo reto o cabelo do seguran\u00e7a, e dois quadrados \u00e0 direita, menos not\u00e1veis. Estes s\u00e3o os <em>artifacts<\/em>. Em uma imagem de t\u00e3o baixa resolu\u00e7\u00e3o e em movimento, s\u00f3 um defeito provocaria bordas t\u00e3o definidas.<\/p>\n\n\n\n<p>Essa aberra\u00e7\u00e3o de imagem j\u00e1 aparece no quadro anterior ao suposto choque do rolo de fita (primeira foto da galeria).<\/p>\n\n\n\n<p>Mas, ao interpolar, o professor Cunto <strong>suavizou as bordas do <em>artifact<\/em><\/strong>, adulterando a imagem e impedindo sua correta identifica\u00e7\u00e3o. <em><strong>O perito adulterou o v\u00eddeo e diluiu as evid\u00eancias!<\/strong><\/em><\/p>\n\n\n\n<p>Acredito que o erro n\u00e3o foi proposital e se deveu ao fato de Cunto ter usado o programa <strong>Sony Vegas<\/strong>. Como \u00e9 um programa de edi\u00e7\u00e3o de v\u00eddeo profissional, ele deve fazer a interpola\u00e7\u00e3o com suaviza\u00e7\u00e3o automaticamente, para deixar o resultado sem &#8220;serrilhados&#8221;.<\/p>\n\n\n\n<p>Veja na galeria de fotos abaixo os <em>artifacts<\/em> salientados, depois como mostrados na TV Globo, e finalmente eles suavizados pelo perito Cunto.<\/p>\n\n\n<div class=\"gallery\"><dl class='gallery-item'>\n\t\t\t<dt class='gallery-icon landscape'>\n\t\t\t\t<a href='https:\/\/meiradarocha.jor.br\/news\/wp-content\/uploads\/2010\/10\/fita-magica00291.jpg'><img loading=\"lazy\" decoding=\"async\" width=\"150\" height=\"109\" src=\"https:\/\/meiradarocha.jor.br\/news\/wp-content\/uploads\/2010\/10\/fita-magica00291-150x109.jpg\" class=\"attachment-thumbnail size-thumbnail\" alt=\"Artifiact j\u00e1 aparece no quadro anterior ao do suposto rolo\" aria-describedby=\"gallery-1-1600\" srcset=\"https:\/\/meiradarocha.jor.br\/news\/wp-content\/uploads\/2010\/10\/fita-magica00291-150x109.jpg 150w, https:\/\/meiradarocha.jor.br\/news\/wp-content\/uploads\/2010\/10\/fita-magica00291-300x217.jpg 300w, https:\/\/meiradarocha.jor.br\/news\/wp-content\/uploads\/2010\/10\/fita-magica00291.jpg 663w\" sizes=\"auto, (max-width: 150px) 100vw, 150px\" \/><\/a>\n\t\t\t<\/dt>\n\t\t\t\t<dd class='wp-caption-text gallery-caption' id='gallery-1-1600'>\n\t\t\t\tArtifiact j\u00e1 aparece no quadro anterior ao do suposto rolo\n\t\t\t\t<\/dd><\/dl><dl class='gallery-item'>\n\t\t\t<dt class='gallery-icon landscape'>\n\t\t\t\t<a href='https:\/\/meiradarocha.jor.br\/news\/wp-content\/uploads\/2010\/10\/serra-artifact02.png'><img loading=\"lazy\" decoding=\"async\" width=\"150\" height=\"113\" src=\"https:\/\/meiradarocha.jor.br\/news\/wp-content\/uploads\/2010\/10\/serra-artifact02-150x113.png\" class=\"attachment-thumbnail size-thumbnail\" alt=\"Artifacts salientados em vermelho\" aria-describedby=\"gallery-1-1573\" srcset=\"https:\/\/meiradarocha.jor.br\/news\/wp-content\/uploads\/2010\/10\/serra-artifact02-150x113.png 150w, https:\/\/meiradarocha.jor.br\/news\/wp-content\/uploads\/2010\/10\/serra-artifact02-300x225.png 300w, https:\/\/meiradarocha.jor.br\/news\/wp-content\/uploads\/2010\/10\/serra-artifact02.png 720w\" sizes=\"auto, (max-width: 150px) 100vw, 150px\" \/><\/a>\n\t\t\t<\/dt>\n\t\t\t\t<dd class='wp-caption-text gallery-caption' id='gallery-1-1573'>\n\t\t\t\tArtifacts salientados em vermelho\n\t\t\t\t<\/dd><\/dl><dl class='gallery-item'>\n\t\t\t<dt class='gallery-icon landscape'>\n\t\t\t\t<a href='https:\/\/meiradarocha.jor.br\/news\/wp-content\/uploads\/2010\/10\/serra-artifact01.png'><img loading=\"lazy\" decoding=\"async\" width=\"150\" height=\"113\" src=\"https:\/\/meiradarocha.jor.br\/news\/wp-content\/uploads\/2010\/10\/serra-artifact01-150x113.png\" class=\"attachment-thumbnail size-thumbnail\" alt=\"Artifacts na imagem de Serra pelo Jornal Nacional\" aria-describedby=\"gallery-1-1572\" srcset=\"https:\/\/meiradarocha.jor.br\/news\/wp-content\/uploads\/2010\/10\/serra-artifact01-150x113.png 150w, https:\/\/meiradarocha.jor.br\/news\/wp-content\/uploads\/2010\/10\/serra-artifact01-300x225.png 300w, https:\/\/meiradarocha.jor.br\/news\/wp-content\/uploads\/2010\/10\/serra-artifact01.png 720w\" sizes=\"auto, (max-width: 150px) 100vw, 150px\" \/><\/a>\n\t\t\t<\/dt>\n\t\t\t\t<dd class='wp-caption-text gallery-caption' id='gallery-1-1572'>\n\t\t\t\tArtifacts na imagem de Serra pelo Jornal Nacional\n\t\t\t\t<\/dd><\/dl><br style=\"clear: both\" \/><dl class='gallery-item'>\n\t\t\t<dt class='gallery-icon landscape'>\n\t\t\t\t<a href='https:\/\/meiradarocha.jor.br\/news\/wp-content\/uploads\/2010\/10\/serra-artifact03.png'><img loading=\"lazy\" decoding=\"async\" width=\"150\" height=\"113\" src=\"https:\/\/meiradarocha.jor.br\/news\/wp-content\/uploads\/2010\/10\/serra-artifact03-150x113.png\" class=\"attachment-thumbnail size-thumbnail\" alt=\"Montagem com quadro do perito De Cunto\" aria-describedby=\"gallery-1-1576\" srcset=\"https:\/\/meiradarocha.jor.br\/news\/wp-content\/uploads\/2010\/10\/serra-artifact03-150x113.png 150w, https:\/\/meiradarocha.jor.br\/news\/wp-content\/uploads\/2010\/10\/serra-artifact03-300x225.png 300w, https:\/\/meiradarocha.jor.br\/news\/wp-content\/uploads\/2010\/10\/serra-artifact03.png 720w\" sizes=\"auto, (max-width: 150px) 100vw, 150px\" \/><\/a>\n\t\t\t<\/dt>\n\t\t\t\t<dd class='wp-caption-text gallery-caption' id='gallery-1-1576'>\n\t\t\t\tMontagem com objetivo de facilitar a compara\u00e7\u00e3o do quadro veiculado com quadro do peri\n\t\t\t\t<\/dd><\/dl>\n\t\t\t<br style='clear: both' \/>\n\t\t<\/div>\n\n\n\n\n<h3 class=\"wp-block-heading\">Leia mais<\/h3>\n\n\n\n<ul class=\"wp-block-list\">\n<li><a href=\"http:\/\/decom.cesnors.ufsm.br\/jornalismo\/2010\/10\/23\/e-serra-na-fita\/\">\u00c9 Serra na fita<\/a>. Experimento que mostra por que \u00e9 improv\u00e1vel que a mancha no v\u00eddeo seja um rolo de fita.<\/li>\n\n\n\n<li><a href=\"..\/2010\/10\/28\/fita-do-serra-video-quase-original\/\" rel=\"bookmark\">Fita do Serra: aqui est\u00e1 o v\u00eddeo \u201cquase original\u201d<\/a><\/li>\n<\/ul>\n","protected":false},"excerpt":{"rendered":"<p>A TV Globo encomendou um segundo laudo sobre o v\u00eddeo de suposta agress\u00e3o ao candidato <\/p>\n","protected":false},"author":2,"featured_media":0,"comment_status":"open","ping_status":"open","sticky":false,"template":"","format":"standard","meta":{"footnotes":""},"categories":[10,5,17,18],"tags":[],"class_list":["post-1567","post","type-post","status-publish","format-standard","hentry","category-jornalismo","category-midias-digitais","category-tv","category-video"],"_links":{"self":[{"href":"https:\/\/meiradarocha.jor.br\/news\/wp-json\/wp\/v2\/posts\/1567","targetHints":{"allow":["GET"]}}],"collection":[{"href":"https:\/\/meiradarocha.jor.br\/news\/wp-json\/wp\/v2\/posts"}],"about":[{"href":"https:\/\/meiradarocha.jor.br\/news\/wp-json\/wp\/v2\/types\/post"}],"author":[{"embeddable":true,"href":"https:\/\/meiradarocha.jor.br\/news\/wp-json\/wp\/v2\/users\/2"}],"replies":[{"embeddable":true,"href":"https:\/\/meiradarocha.jor.br\/news\/wp-json\/wp\/v2\/comments?post=1567"}],"version-history":[{"count":4,"href":"https:\/\/meiradarocha.jor.br\/news\/wp-json\/wp\/v2\/posts\/1567\/revisions"}],"predecessor-version":[{"id":6100,"href":"https:\/\/meiradarocha.jor.br\/news\/wp-json\/wp\/v2\/posts\/1567\/revisions\/6100"}],"wp:attachment":[{"href":"https:\/\/meiradarocha.jor.br\/news\/wp-json\/wp\/v2\/media?parent=1567"}],"wp:term":[{"taxonomy":"category","embeddable":true,"href":"https:\/\/meiradarocha.jor.br\/news\/wp-json\/wp\/v2\/categories?post=1567"},{"taxonomy":"post_tag","embeddable":true,"href":"https:\/\/meiradarocha.jor.br\/news\/wp-json\/wp\/v2\/tags?post=1567"}],"curies":[{"name":"wp","href":"https:\/\/api.w.org\/{rel}","templated":true}]}}