{"id":427,"date":"2017-12-31T10:51:37","date_gmt":"2017-12-31T13:51:37","guid":{"rendered":"http:\/\/meiradarocha.jor.br\/news\/tcc\/?p=427"},"modified":"2017-12-31T11:19:38","modified_gmt":"2017-12-31T14:19:38","slug":"livro-completo-sobre-metodos-de-pesquisa","status":"publish","type":"post","link":"https:\/\/meiradarocha.jor.br\/news\/tcc\/2017\/12\/31\/livro-completo-sobre-metodos-de-pesquisa\/","title":{"rendered":"Livro completo sobre m\u00e9todos de pesquisa"},"content":{"rendered":"<p><a href=\"http:\/\/meiradarocha.jor.br\/news\/tcc\/files\/2017\/12\/Clipboard03.png\"><img loading=\"lazy\" decoding=\"async\" class=\"alignright size-medium wp-image-429\" src=\"http:\/\/meiradarocha.jor.br\/news\/tcc\/files\/2017\/12\/Clipboard03-300x199.png\" alt=\"\" width=\"300\" height=\"199\" srcset=\"https:\/\/meiradarocha.jor.br\/news\/tcc\/files\/2017\/12\/Clipboard03-300x199.png 300w, https:\/\/meiradarocha.jor.br\/news\/tcc\/files\/2017\/12\/Clipboard03.png 446w\" sizes=\"auto, (max-width: 300px) 100vw, 300px\" \/><\/a>Para desenvolver um TCC, \u00e9 necess\u00e1rio estudos sobre m\u00e9todos de pesquisa. H\u00e1 disciplinas para isto na universidades. Para refrescar\u00a0 a mem\u00f3ria de quem n\u00e3o se lembra mais das aulas, a\u00ed vai um livro completo para ajudar: M\u00e9todos de Pesquisa, organizado por Tatiana Engel Gerhardt e Denise Tolfo Silveira, publicado pela Universidade Federal do Rio Grande do Sul como suporte aos cursos por Ensino a Dist\u00e2ncia.<\/p>\n<p>O livro tem esta estrutura:<\/p>\n<ul>\n<li>Introdu\u00e7\u00e3o<br \/>\nUnidade 1 \u2013 Aspectos te\u00f3ricos e conceituais<br \/>\nTatiana Engel Gerhardt e Aline Corr\u00eaa de Souza<\/p>\n<ul>\n<li>1.1 Conceitos-base\n<ul>\n<li>1.1.1 O que \u00e9 pesquisa<\/li>\n<li>1.1.2 O que \u00e9 metodologia?<\/li>\n<li>1.1.3 O que \u00e9 conhecimento?<\/li>\n<li>1.1.4 O que \u00e9 senso comum?<\/li>\n<li>1.1.5 O que \u00e9 conhecimento cient\u00edfico?<\/li>\n<li>1.1.6 O que \u00e9 ci\u00eancia?<\/li>\n<\/ul>\n<\/li>\n<li>1.2 Constru\u00e7\u00e3o do conhecimento\n<ul>\n<li>1.2.1 Conhecimento emp\u00edrico<\/li>\n<li>1.2.2 Conhecimento filos\u00f3fico<\/li>\n<li>1.2.3 Conhecimento teol\u00f3gico<\/li>\n<li>1.2.4 Conhecimento cient\u00edfico\n<ul>\n<li>1.2.4.1 M\u00e9todo cient\u00edfico<\/li>\n<\/ul>\n<\/li>\n<\/ul>\n<\/li>\n<li>1.3 Refer\u00eancias<\/li>\n<\/ul>\n<\/li>\n<li>Unidade 2 \u2013 A pesquisa cient\u00edfica<br \/>\nDenise Tolfo Silveira e Fernanda Peixoto C\u00f3rdova<\/p>\n<ul>\n<li>2.1 Tipos de pesquisa\n<ul>\n<li>2.1.1 Quanto \u00e0 abordagem\n<ul>\n<li>2.1.1.1 Pesquisa qualitativa<\/li>\n<li>2.1.1.2 Pesquisa quantitativa<\/li>\n<\/ul>\n<\/li>\n<li>2.1.2 Quanto \u00e0 natureza\n<ul>\n<li>2.1.2.1 Pesquisa b\u00e1sica<\/li>\n<li>2.1.2.2 Pesquisa aplicada<\/li>\n<\/ul>\n<\/li>\n<li>2.1.3 Quanto aos objetivos\n<ul>\n<li>2.1.3.1 Pesquisa explorat\u00f3ria<\/li>\n<li>2.1.3.2 Pesquisa descritiva<\/li>\n<li>2.1.3.3 Pesquisa explicativa<\/li>\n<\/ul>\n<\/li>\n<li>2.1.4 Quanto aos procedimentos\n<ul>\n<li>2.1.4.1 Pesquisa experimental<\/li>\n<li>2.1.4.2 Pesquisa bibliogr\u00e1fica<\/li>\n<li>2.1.4.3 Pesquisa documental<\/li>\n<li>2.1.4.4 Pesquisa de campo<\/li>\n<li>2.1.4.5 Pesquisa ex-post-facto<\/li>\n<li>2.1.4.6 Pesquisa de levantamento<\/li>\n<li>2.1.4.7 Pesquisa com survey<\/li>\n<li>2.1.4.8 Estudo de caso<\/li>\n<li>2.1.4.9 Pesquisa participante<\/li>\n<li>2.1.4.10 Pesquisa-a\u00e7\u00e3o<\/li>\n<li>2.1.4.11 Pesquisa etnogr\u00e1fica<\/li>\n<li>2.1.4.12 Pesquisa etnometodol\u00f3gica<\/li>\n<\/ul>\n<\/li>\n<\/ul>\n<\/li>\n<li>2.2 Refer\u00eancias<\/li>\n<\/ul>\n<\/li>\n<li>Unidade 3 \u2013 A constru\u00e7\u00e3o da pesquisa<br \/>\nTatiana Engel Gerhardt<\/p>\n<ul>\n<li>3.1 Algumas condutas que dificultam come\u00e7ar, ou come\u00e7ar mal, uma pesquisa<\/li>\n<li>3.2 Processo de elabora\u00e7\u00e3o da pesquisa cient\u00edfica\n<ul>\n<li>3.2.1 Os tr\u00eas grandes eixos da pesquisa<\/li>\n<li>3.2.2 As sete etapas da pesquisa\n<ul>\n<li>3.2.2.1 Primeira etapa: a quest\u00e3o inicial<\/li>\n<li>3.2.2.2 Segunda etapa: a explora\u00e7\u00e3o do tema<\/li>\n<li>3.2.2.3 Terceira etapa: a problem\u00e1tica<\/li>\n<li>3.2.2.4 Quarta etapa: a constru\u00e7\u00e3o do modelo de an\u00e1lise<\/li>\n<li>3.2.2.5 Quinta etapa: a coleta de dados<\/li>\n<li>3.2.2.6 Sexta etapa: a an\u00e1lise das informa\u00e7\u00f5es<\/li>\n<li>3.2.2.7 S\u00e9tima etapa: as conclus\u00f5es<\/li>\n<\/ul>\n<\/li>\n<\/ul>\n<\/li>\n<li>3.3 Refer\u00eancia<\/li>\n<\/ul>\n<\/li>\n<li>Unidade 4 \u2013 Estrutura do projeto de pesquisa<br \/>\nTatiana Engel Gerhardt, Ieda Cristina Alves Ramos, Deise Lisboa Riquinho e Daniel Labernarde dos Santos<\/p>\n<ul>\n<li>4.1 Estrutura do projeto de pesquisa\n<ul>\n<li>4.1.1 T\u00edtulo do projeto<\/li>\n<li>4.1.2 Introdu\u00e7\u00e3o<\/li>\n<li>4.1.3 Revis\u00e3o bibliogr\u00e1fica<\/li>\n<li>4.1.4 Procedimentos metodol\u00f3gicos\n<ul>\n<li>4.1.4.1 Escolher o tipo de pesquisa<\/li>\n<li>4.1.4.2 Estabelecer popula\u00e7\u00e3o e amostra<\/li>\n<li>4.1.4.3 Determinar as t\u00e9cnicas de coleta de dados<\/li>\n<li>4.1.4.4 T\u00e9cnicas de an\u00e1lise de dados<\/li>\n<\/ul>\n<\/li>\n<li>4.1.5 Aspectos \u00e9ticos<\/li>\n<li>4.1.6 Bibliografia<\/li>\n<li>4.1.7 Cronograma<\/li>\n<\/ul>\n<\/li>\n<li>4.2 Refer\u00eancias<\/li>\n<\/ul>\n<\/li>\n<li>Unidade 5 \u2013 Tecnologias de informa\u00e7\u00e3o e comunica\u00e7\u00e3o<br \/>\nDenise Tolfo Silveira, Fernanda Peixoto C\u00f3rdova e Andr\u00e9 Luis Machado Bueno<\/p>\n<ul>\n<li>5.1 Usos das Tecnologias de Informa\u00e7\u00e3o e Comunica\u00e7\u00e3o\n<ul>\n<li>5.1.1 Ferramentas de apoio \u00e0 pesquisa\n<ul>\n<li>5.1.1.1 Ferramentas de busca bibliogr\u00e1fica em bases de dados<\/li>\n<li>5.1.1.2 Sistemas de Informa\u00e7\u00e3o<\/li>\n<\/ul>\n<\/li>\n<\/ul>\n<\/li>\n<li>5.2 \u00c9tica, pl\u00e1gio\n<ul>\n<li>5.2.1 Legisla\u00e7\u00e3o: sites<\/li>\n<\/ul>\n<\/li>\n<li>5.3 Refer\u00eancias<\/li>\n<\/ul>\n<\/li>\n<li>Bibliografia de base<\/li>\n<li>Bibliografia complementar<\/li>\n<li>Gloss\u00e1rio<\/li>\n<li>Anexo A \u2013 Notas para a elabora\u00e7\u00e3o e o desenvolvimento do m\u00e9todo de observa\u00e7\u00e3o<\/li>\n<li>Anexo B \u2013 Alguns problemas formais na reda\u00e7\u00e3o de textos acad\u00eamicos<\/li>\n<li>Anexo C \u2013 Algumas dicas de estilo para a reda\u00e7\u00e3o t\u00e9cnico-cient\u00edfica<\/li>\n<li>Anexo D \u2013 Pl\u00e1gio eletr\u00f4nico e \u00e9tica<\/li>\n<\/ul>\n<p>Baixe o livro <a href=\"http:\/\/meiradarocha.jor.br\/news\/tcc\/files\/2017\/12\/Gerhardt-e-Silveira.-M\u00e9todos-de-Pesquisa-EAD-UFRGS.pdf\">Gerhardt e Silveira. M\u00e9todos de Pesquisa &#8211; EAD UFRGS<\/a><\/p>\n<h3>Bibiografia<\/h3>\n<div class=\"csl-bib-body\">\n<div class=\"csl-entry\">SILVEIRA, Denise Tolfo; GERHARDT, Tatiana Engel (eds.). <b>M\u00e9todos de pesquisa<\/b>. Porto Alegre, RS: Editora da UFRGS, 2009. Dispon\u00edvel em: &lt;<a href=\"http:\/\/www.ufrgs.br\/cursopgdr\/downloadsSerie\/derad005.pdf\">http:\/\/www.ufrgs.br\/cursopgdr\/downloadsSerie\/derad005.pdf<\/a>&gt;. Acesso em: 20 nov. 2015. Coordenado\u00a0 pela Universidade Aberta do Brasil \u2013 UAB\/UFRGS e\u00a0 pelo Curso de\u00a0 Gradua\u00e7\u00e3o Tecnol\u00f3gica \u2013\u00a0 Planejamento\u00a0 e\u00a0 Gest\u00e3o\u00a0 para\u00a0 o Desenvolvimento Rural\u00a0 da SEAD\/UFRGS.<\/div>\n<\/div>\n","protected":false},"excerpt":{"rendered":"<p>Para desenvolver um TCC, \u00e9 necess\u00e1rio estudos sobre m\u00e9todos de pesquisa. H\u00e1 disciplinas para isto na universidades. Para refrescar\u00a0 a mem\u00f3ria de quem n\u00e3o se lembra mais das aulas, a\u00ed [&hellip;]<\/p>\n","protected":false},"author":2,"featured_media":0,"comment_status":"open","ping_status":"open","sticky":false,"template":"","format":"standard","meta":{"footnotes":""},"categories":[17],"tags":[],"class_list":["post-427","post","type-post","status-publish","format-standard","hentry","category-metodologia"],"_links":{"self":[{"href":"https:\/\/meiradarocha.jor.br\/news\/tcc\/wp-json\/wp\/v2\/posts\/427","targetHints":{"allow":["GET"]}}],"collection":[{"href":"https:\/\/meiradarocha.jor.br\/news\/tcc\/wp-json\/wp\/v2\/posts"}],"about":[{"href":"https:\/\/meiradarocha.jor.br\/news\/tcc\/wp-json\/wp\/v2\/types\/post"}],"author":[{"embeddable":true,"href":"https:\/\/meiradarocha.jor.br\/news\/tcc\/wp-json\/wp\/v2\/users\/2"}],"replies":[{"embeddable":true,"href":"https:\/\/meiradarocha.jor.br\/news\/tcc\/wp-json\/wp\/v2\/comments?post=427"}],"version-history":[{"count":2,"href":"https:\/\/meiradarocha.jor.br\/news\/tcc\/wp-json\/wp\/v2\/posts\/427\/revisions"}],"predecessor-version":[{"id":435,"href":"https:\/\/meiradarocha.jor.br\/news\/tcc\/wp-json\/wp\/v2\/posts\/427\/revisions\/435"}],"wp:attachment":[{"href":"https:\/\/meiradarocha.jor.br\/news\/tcc\/wp-json\/wp\/v2\/media?parent=427"}],"wp:term":[{"taxonomy":"category","embeddable":true,"href":"https:\/\/meiradarocha.jor.br\/news\/tcc\/wp-json\/wp\/v2\/categories?post=427"},{"taxonomy":"post_tag","embeddable":true,"href":"https:\/\/meiradarocha.jor.br\/news\/tcc\/wp-json\/wp\/v2\/tags?post=427"}],"curies":[{"name":"wp","href":"https:\/\/api.w.org\/{rel}","templated":true}]}}