{"id":143,"date":"2007-10-07T17:34:10","date_gmt":"2007-10-07T20:34:10","guid":{"rendered":"http:\/\/meiradarocha.jor.br\/news\/tcc\/?p=143"},"modified":"2010-10-11T17:35:13","modified_gmt":"2010-10-11T20:35:13","slug":"material-sobre-monografia-e-tcc","status":"publish","type":"post","link":"https:\/\/meiradarocha.jor.br\/news\/tcc\/2007\/10\/07\/material-sobre-monografia-e-tcc\/","title":{"rendered":"Material sobre monografia e TCC"},"content":{"rendered":"<p>O professor Pelazzo divulga novidades sobre TCC e monografia no site dele:<\/p>\n<blockquote><p>Prezados,<\/p>\n<p>Coloquei em meu site uma se\u00e7\u00e3o sobre &#8220;Como redigir monografias (em computa\u00e7\u00e3o)&#8221; que est\u00e1 sendo a p\u00e1gina de maior acesso do site. Em decorr\u00eancia resolvi complementar o tema, e informar para os leitores deste grupo desta disponibilidade, com mais informa\u00e7\u00f5es para os estudantes. Atualmente h\u00e1 uma nova p\u00e1gina sobre como aperfei\u00e7oar a leitura de artigos (ou cap\u00edtulos) t\u00e9cnicos e tirar mais proveito do estudo. Com o tempo pretendo ampliar a cobertura da se\u00e7\u00e3o.<\/p>\n<p>em: <a onclick=\"return top.js.OpenExtLink(window,event,this)\" href=\"http:\/\/www.palazzo.pro.br\/edu\/monografias.htm\" target=\"_blank\">http:\/\/www.palazzo.pro.br\/edu\/monografias.htm<\/a><\/p><\/blockquote>\n","protected":false},"excerpt":{"rendered":"<p>O professor Pelazzo divulga novidades sobre TCC e monografia no site dele: Prezados, Coloquei em meu site uma se\u00e7\u00e3o sobre &#8220;Como redigir monografias (em computa\u00e7\u00e3o)&#8221; que est\u00e1 sendo a p\u00e1gina [&hellip;]<\/p>\n","protected":false},"author":2,"featured_media":0,"comment_status":"open","ping_status":"open","sticky":false,"template":"","format":"standard","meta":{"footnotes":""},"categories":[5],"tags":[],"class_list":["post-143","post","type-post","status-publish","format-standard","hentry","category-tcc"],"_links":{"self":[{"href":"https:\/\/meiradarocha.jor.br\/news\/tcc\/wp-json\/wp\/v2\/posts\/143","targetHints":{"allow":["GET"]}}],"collection":[{"href":"https:\/\/meiradarocha.jor.br\/news\/tcc\/wp-json\/wp\/v2\/posts"}],"about":[{"href":"https:\/\/meiradarocha.jor.br\/news\/tcc\/wp-json\/wp\/v2\/types\/post"}],"author":[{"embeddable":true,"href":"https:\/\/meiradarocha.jor.br\/news\/tcc\/wp-json\/wp\/v2\/users\/2"}],"replies":[{"embeddable":true,"href":"https:\/\/meiradarocha.jor.br\/news\/tcc\/wp-json\/wp\/v2\/comments?post=143"}],"version-history":[{"count":0,"href":"https:\/\/meiradarocha.jor.br\/news\/tcc\/wp-json\/wp\/v2\/posts\/143\/revisions"}],"wp:attachment":[{"href":"https:\/\/meiradarocha.jor.br\/news\/tcc\/wp-json\/wp\/v2\/media?parent=143"}],"wp:term":[{"taxonomy":"category","embeddable":true,"href":"https:\/\/meiradarocha.jor.br\/news\/tcc\/wp-json\/wp\/v2\/categories?post=143"},{"taxonomy":"post_tag","embeddable":true,"href":"https:\/\/meiradarocha.jor.br\/news\/tcc\/wp-json\/wp\/v2\/tags?post=143"}],"curies":[{"name":"wp","href":"https:\/\/api.w.org\/{rel}","templated":true}]}}