{"id":16,"date":"2009-06-30T21:39:43","date_gmt":"2009-07-01T00:39:43","guid":{"rendered":"http:\/\/tcc.meiradarocha.jor.br\/?p=16"},"modified":"2014-02-05T21:18:37","modified_gmt":"2014-02-06T00:18:37","slug":"dicas_para_apresentacao_na_defesa_do_tcc","status":"publish","type":"post","link":"http:\/\/meiradarocha.jor.br\/news\/tcc\/2009\/06\/30\/dicas_para_apresentacao_na_defesa_do_tcc\/","title":{"rendered":"Dicas para apresenta\u00e7\u00e3o na defesa do TCC"},"content":{"rendered":"<p><a href=\"http:\/\/meiradarocha.jor.br\/news\/tcc\/files\/2009\/06\/DTU1931_presentation10.jpg\"><img loading=\"lazy\" decoding=\"async\" class=\"alignright size-medium wp-image-132\" title=\"DTU1931_presentation10\" src=\"http:\/\/meiradarocha.jor.br\/news\/tcc\/files\/2009\/06\/DTU1931_presentation10-300x199.jpg\" alt=\"http:\/\/www.wacom-asia.com\/files\/u7\/DTU1931_presentation10.jpg\" width=\"300\" height=\"199\" srcset=\"http:\/\/meiradarocha.jor.br\/news\/tcc\/files\/2009\/06\/DTU1931_presentation10-300x199.jpg 300w, http:\/\/meiradarocha.jor.br\/news\/tcc\/files\/2009\/06\/DTU1931_presentation10.jpg 500w\" sizes=\"auto, (max-width: 300px) 100vw, 300px\" \/><\/a>Leia aqui as dicas do professor <strong>Antonio Carlos de Souza Lima Filho<\/strong> (Caio) sobre a estrutura\u00e7\u00e3o da apresenta\u00e7\u00e3o BrOffice Impress ou PowerPoint do <strong>Trabalho de Conclus\u00e3o de Curso<\/strong> (<strong>TCC<\/strong>). Veja um <strong>modelo <\/strong>de como dividir o tempo entre as diversas partes que comp\u00f5em a apresenta\u00e7\u00e3o, quantas l\u00e2minas de retroprojetor usar em cada parte e outros toques.<!--more--><\/p>\n<h2>Dicas para constru\u00e7\u00e3o do conte\u00fado<\/h2>\n<table border=\"1\">\n<tbody>\n<tr>\n<th>Tempo<\/th>\n<th>Quantidade<br \/>\nde l\u00e2minas<\/th>\n<th>Parte<\/th>\n<th>Conte\u00fado abordado<\/th>\n<\/tr>\n<tr style=\"text-align: center;\">\n<td>1 min<\/td>\n<td>1<\/td>\n<td style=\"text-align: left;\">Apresenta\u00e7\u00e3o<\/td>\n<td>\n<ul>\n<li style=\"text-align: left;\">Meu nome \u00e9&#8230;<\/li>\n<li style=\"text-align: left;\">O meu trabalho \u00e9 sobre&#8230;<\/li>\n<li style=\"text-align: left;\">Fui orientado pelo Prof&#8230;<\/li>\n<\/ul>\n<\/td>\n<\/tr>\n<tr>\n<td style=\"text-align: center;\">4min<\/td>\n<td style=\"text-align: center;\">1 ou 2<\/td>\n<td>Introdu\u00e7\u00e3o<\/td>\n<td>\n<ul>\n<li>A escolha desse tema se deu em virtude&#8230;<\/li>\n<li>Tive como objetivo demonstrar&#8230;<\/li>\n<li>Usei como metodologia&#8230;<\/li>\n<li>Como refer\u00eancia te\u00f3rica utilizei autores como&#8230;<\/li>\n<li>Sendo assim, meu trabalho ficou dividido da seguinte forma:<\/li>\n<\/ul>\n<\/td>\n<\/tr>\n<tr>\n<td style=\"text-align: center;\">6 min<\/td>\n<td style=\"text-align: center;\">1 ou 2<\/td>\n<td>Desenvolvimento<\/td>\n<td>\n<ul type=\"disc\">\n<li>Foram no total \u201cx\u201d cap\u00edtulos&#8230;<\/li>\n<li>No primeiro, abordo&#8230;<\/li>\n<li>No segundo&#8230;<\/li>\n<li>No terceiro&#8230;<\/li>\n<\/ul>\n<\/td>\n<\/tr>\n<tr>\n<td style=\"text-align: center;\">2 min<\/td>\n<td style=\"text-align: center;\">1<\/td>\n<td>Conclus\u00e3o do trabalho \u2013 retomada da ideia central<\/td>\n<td>\n<ul>\n<li>Atrav\u00e9s dessa pesquisa, conclu\u00ed que&#8230;<\/li>\n<li>Num primeiro momento&#8230;<\/li>\n<li>Que&#8230;<\/li>\n<\/ul>\n<\/td>\n<\/tr>\n<tr>\n<td style=\"text-align: center;\">2 min<\/td>\n<td style=\"text-align: center;\">1 com a frase.<\/td>\n<td>Conclus\u00e3o final<\/td>\n<td>\n<ul>\n<li>Gostaria de agradecer a oportunidade de defender o meu trabalho e encerrar com a frase que sintetiza esse momento&#8230; \u201dO \u00fanico meio de evitar erros \u00e9 adquirindo experi\u00eancia, mas, a \u00fanica maneira de adquirir experi\u00eancia, \u00e9 cometendo erros\u201d. (Este \u00e9 um exemplo. Escolha uma frase relacionada a seu trabalho)<\/li>\n<li>Obrigado.<\/li>\n<\/ul>\n<\/td>\n<\/tr>\n<\/tbody>\n<\/table>\n<p>Desejo a todos muita sorte.  Abra\u00e7os!<\/p>\n<p><em>Caio<\/em><\/p>\n","protected":false},"excerpt":{"rendered":"<p>Como estruturar suas l\u00e2minas em PowerPoint ou BrOffice Impress<\/p>\n","protected":false},"author":2,"featured_media":0,"comment_status":"open","ping_status":"open","sticky":true,"template":"","format":"standard","meta":{"footnotes":""},"categories":[15,8,5],"tags":[4,18],"class_list":["post-16","post","type-post","status-publish","format-standard","hentry","category-apresentacao","category-pesquisa","category-tcc","tag-monografia","tag-tcc"],"_links":{"self":[{"href":"http:\/\/meiradarocha.jor.br\/news\/tcc\/wp-json\/wp\/v2\/posts\/16","targetHints":{"allow":["GET"]}}],"collection":[{"href":"http:\/\/meiradarocha.jor.br\/news\/tcc\/wp-json\/wp\/v2\/posts"}],"about":[{"href":"http:\/\/meiradarocha.jor.br\/news\/tcc\/wp-json\/wp\/v2\/types\/post"}],"author":[{"embeddable":true,"href":"http:\/\/meiradarocha.jor.br\/news\/tcc\/wp-json\/wp\/v2\/users\/2"}],"replies":[{"embeddable":true,"href":"http:\/\/meiradarocha.jor.br\/news\/tcc\/wp-json\/wp\/v2\/comments?post=16"}],"version-history":[{"count":2,"href":"http:\/\/meiradarocha.jor.br\/news\/tcc\/wp-json\/wp\/v2\/posts\/16\/revisions"}],"predecessor-version":[{"id":347,"href":"http:\/\/meiradarocha.jor.br\/news\/tcc\/wp-json\/wp\/v2\/posts\/16\/revisions\/347"}],"wp:attachment":[{"href":"http:\/\/meiradarocha.jor.br\/news\/tcc\/wp-json\/wp\/v2\/media?parent=16"}],"wp:term":[{"taxonomy":"category","embeddable":true,"href":"http:\/\/meiradarocha.jor.br\/news\/tcc\/wp-json\/wp\/v2\/categories?post=16"},{"taxonomy":"post_tag","embeddable":true,"href":"http:\/\/meiradarocha.jor.br\/news\/tcc\/wp-json\/wp\/v2\/tags?post=16"}],"curies":[{"name":"wp","href":"https:\/\/api.w.org\/{rel}","templated":true}]}}